{"id":11796,"date":"2025-01-23T14:34:48","date_gmt":"2025-01-23T11:34:48","guid":{"rendered":"https:\/\/www.egemtv.com\/?p=11796"},"modified":"2025-01-23T14:34:51","modified_gmt":"2025-01-23T11:34:51","slug":"nazillideki-kazada-agir-yaralanmisti-hastanede-hayatini-kaybetti","status":"publish","type":"post","link":"https:\/\/www.egemtv.com\/?p=11796","title":{"rendered":"Nazilli\u2019deki kazada a\u011f\u0131r yaralanm\u0131\u015ft\u0131, hastanede hayat\u0131n\u0131 kaybetti"},"content":{"rendered":"<p>Ayd\u0131n\u2019\u0131n Nazilli il\u00e7esinde zeytin toplayan i\u015f\u00e7ileri ta\u015f\u0131yan cipin \u015farampole yuvarlanmas\u0131 sonucu a\u011f\u0131r \u015fekilde yaralanan Hatice Uzuno\u011flu, \u0130zmir\u2019de tedavi g\u00f6rd\u00fc\u011f\u00fc hastanede hayat\u0131n\u0131 kaybetti.<\/p>\n<p>Nazilli\u2019ye ba\u011fl\u0131 k\u0131rsal Bekirler Mahallesi\u2019nde zeytin toplamaya giden i\u015f\u00e7ileri ta\u015f\u0131yan 09 R 0116 plakal\u0131 cip, s\u00fcr\u00fcc\u00fcs\u00fc \u0130brahim Astepe\u2019nin direksiyon hakimiyetini kaybetmesi sonucu \u015farampole yuvarland\u0131. Kazada ara\u00e7 s\u00fcr\u00fcc\u00fcs\u00fc 74 ya\u015f\u0131ndaki \u0130brahim Astape olay yerinde hayat\u0131n\u0131 kaybederken 1\u2019i a\u011f\u0131r 6 ki\u015fi de yaralanm\u0131\u015ft\u0131.<\/p>\n<p>Feci kazada a\u011f\u0131r yaralanan Hatice Uzuno\u011flu, b\u00f6lgeye gelen 112 Acil Sa\u011fl\u0131k ekiplerinin yapt\u0131\u011f\u0131 ilk m\u00fcdahalenin ard\u0131ndan \u0130zmir Ye\u015filyurt il\u00e7esindeki Atat\u00fcrk E\u011fitim ve Ara\u015ft\u0131rma Hastanesi\u2019ne sevk edildi. Talihsiz kad\u0131n, hastanede yap\u0131lan m\u00fcdahalelere ra\u011fmen kazadan 2 g\u00fcn sonra hayat\u0131n\u0131 kaybetti.<br \/>\n<br \/>Bekirler Mahallesi\u2019nde oturan Hatice Uzuno\u011flu\u2019nun evli ve 2 \u00e7ocuk annesi oldu\u011fu \u00f6\u011frenildi.<br \/><\/p>\n","protected":false},"excerpt":{"rendered":"<p>Ayd\u0131n\u2019\u0131n Nazilli il\u00e7esinde zeytin toplayan i\u015f\u00e7ileri ta\u015f\u0131yan cipin \u015farampole yuvarlanmas\u0131 sonucu a\u011f\u0131r \u015fekilde yaralanan Hatice Uzuno\u011flu, \u0130zmir\u2019de tedavi g\u00f6rd\u00fc\u011f\u00fc hastanede hayat\u0131n\u0131 kaybetti. Nazilli\u2019ye ba\u011fl\u0131 k\u0131rsal Bekirler Mahallesi\u2019nde zeytin toplamaya giden i\u015f\u00e7ileri ta\u015f\u0131yan 09 R 0116 plakal\u0131 cip, s\u00fcr\u00fcc\u00fcs\u00fc \u0130brahim Astepe\u2019nin direksiyon hakimiyetini kaybetmesi sonucu \u015farampole yuvarland\u0131. Kazada ara\u00e7 s\u00fcr\u00fcc\u00fcs\u00fc 74 ya\u015f\u0131ndaki \u0130brahim Astape olay yerinde&#8230;<\/p>\n","protected":false},"author":1,"featured_media":11797,"comment_status":"open","ping_status":"open","sticky":false,"template":"","format":"standard","meta":{"_crdt_document":"","footnotes":""},"categories":[5],"tags":[],"class_list":["post-11796","post","type-post","status-publish","format-standard","has-post-thumbnail","hentry","category-asayis"],"_links":{"self":[{"href":"https:\/\/www.egemtv.com\/index.php?rest_route=\/wp\/v2\/posts\/11796","targetHints":{"allow":["GET"]}}],"collection":[{"href":"https:\/\/www.egemtv.com\/index.php?rest_route=\/wp\/v2\/posts"}],"about":[{"href":"https:\/\/www.egemtv.com\/index.php?rest_route=\/wp\/v2\/types\/post"}],"author":[{"embeddable":true,"href":"https:\/\/www.egemtv.com\/index.php?rest_route=\/wp\/v2\/users\/1"}],"replies":[{"embeddable":true,"href":"https:\/\/www.egemtv.com\/index.php?rest_route=%2Fwp%2Fv2%2Fcomments&post=11796"}],"version-history":[{"count":1,"href":"https:\/\/www.egemtv.com\/index.php?rest_route=\/wp\/v2\/posts\/11796\/revisions"}],"predecessor-version":[{"id":11798,"href":"https:\/\/www.egemtv.com\/index.php?rest_route=\/wp\/v2\/posts\/11796\/revisions\/11798"}],"wp:featuredmedia":[{"embeddable":true,"href":"https:\/\/www.egemtv.com\/index.php?rest_route=\/wp\/v2\/media\/11797"}],"wp:attachment":[{"href":"https:\/\/www.egemtv.com\/index.php?rest_route=%2Fwp%2Fv2%2Fmedia&parent=11796"}],"wp:term":[{"taxonomy":"category","embeddable":true,"href":"https:\/\/www.egemtv.com\/index.php?rest_route=%2Fwp%2Fv2%2Fcategories&post=11796"},{"taxonomy":"post_tag","embeddable":true,"href":"https:\/\/www.egemtv.com\/index.php?rest_route=%2Fwp%2Fv2%2Ftags&post=11796"}],"curies":[{"name":"wp","href":"https:\/\/api.w.org\/{rel}","templated":true}]}}