{"id":11793,"date":"2025-01-23T14:32:02","date_gmt":"2025-01-23T11:32:02","guid":{"rendered":"https:\/\/www.egemtv.com\/?p=11793"},"modified":"2025-01-23T14:32:04","modified_gmt":"2025-01-23T11:32:04","slug":"manisa-fkda-sakaryaspor-maci-hazirliklari-devam-ediyor","status":"publish","type":"post","link":"https:\/\/www.egemtv.com\/?p=11793","title":{"rendered":"Manisa FK\u2019da Sakaryaspor ma\u00e7\u0131 haz\u0131rl\u0131klar\u0131 devam ediyor"},"content":{"rendered":"<p>Manisa Futbol Kul\u00fcb\u00fc, Trendyol 1. Lig\u2019in 21. haftas\u0131nda deplasmanda kar\u015f\u0131la\u015faca\u011f\u0131 Sakaryaspor ma\u00e7\u0131n\u0131n haz\u0131rl\u0131klar\u0131n\u0131 yapt\u0131\u011f\u0131 antrenmanla s\u00fcrd\u00fcrd\u00fc.<br \/>\n<br \/>Manisa Futbol Kul\u00fcb\u00fc, Trendyol 1. Lig\u2019in 21. hafta m\u00fccadelesinde deplasmanda Sakaryaspor\u2019a konuk olacak. Manisa ekibi, 27 Ocak Pazartesi ak\u015fam\u0131 saat 20.00\u2019de Yeni Sakarya Stadyumu\u2019nda oynanacak ma\u00e7\u0131n haz\u0131rl\u0131klar\u0131na devam etti. Teknik Direkt\u00f6r Hakan \u015eap\u00e7\u0131 y\u00f6netiminde ger\u00e7ekle\u015fen antrenman \u0131s\u0131nma hareketleriyle ba\u015flarken, dar alan oyunlar\u0131 ve taktik \u00e7al\u0131\u015fmayla sona erdi.<br \/>\n<br \/>Siyah-beyazl\u0131lar, yar\u0131n yapaca\u011f\u0131 antrenmanla Sakaryaspor ma\u00e7\u0131n\u0131n haz\u0131rl\u0131klar\u0131n\u0131 s\u00fcrd\u00fcrecek.<br \/><\/p>\n","protected":false},"excerpt":{"rendered":"<p>Manisa Futbol Kul\u00fcb\u00fc, Trendyol 1. Lig\u2019in 21. haftas\u0131nda deplasmanda kar\u015f\u0131la\u015faca\u011f\u0131 Sakaryaspor ma\u00e7\u0131n\u0131n haz\u0131rl\u0131klar\u0131n\u0131 yapt\u0131\u011f\u0131 antrenmanla s\u00fcrd\u00fcrd\u00fc. Manisa Futbol Kul\u00fcb\u00fc, Trendyol 1. Lig\u2019in 21. hafta m\u00fccadelesinde deplasmanda Sakaryaspor\u2019a konuk olacak. Manisa ekibi, 27 Ocak Pazartesi ak\u015fam\u0131 saat 20.00\u2019de Yeni Sakarya Stadyumu\u2019nda oynanacak ma\u00e7\u0131n haz\u0131rl\u0131klar\u0131na devam etti. Teknik Direkt\u00f6r Hakan \u015eap\u00e7\u0131 y\u00f6netiminde ger\u00e7ekle\u015fen antrenman \u0131s\u0131nma hareketleriyle ba\u015flarken,&#8230;<\/p>\n","protected":false},"author":1,"featured_media":11794,"comment_status":"open","ping_status":"open","sticky":false,"template":"","format":"standard","meta":{"_crdt_document":"","footnotes":""},"categories":[4],"tags":[],"class_list":["post-11793","post","type-post","status-publish","format-standard","has-post-thumbnail","hentry","category-spor"],"_links":{"self":[{"href":"https:\/\/www.egemtv.com\/index.php?rest_route=\/wp\/v2\/posts\/11793","targetHints":{"allow":["GET"]}}],"collection":[{"href":"https:\/\/www.egemtv.com\/index.php?rest_route=\/wp\/v2\/posts"}],"about":[{"href":"https:\/\/www.egemtv.com\/index.php?rest_route=\/wp\/v2\/types\/post"}],"author":[{"embeddable":true,"href":"https:\/\/www.egemtv.com\/index.php?rest_route=\/wp\/v2\/users\/1"}],"replies":[{"embeddable":true,"href":"https:\/\/www.egemtv.com\/index.php?rest_route=%2Fwp%2Fv2%2Fcomments&post=11793"}],"version-history":[{"count":1,"href":"https:\/\/www.egemtv.com\/index.php?rest_route=\/wp\/v2\/posts\/11793\/revisions"}],"predecessor-version":[{"id":11795,"href":"https:\/\/www.egemtv.com\/index.php?rest_route=\/wp\/v2\/posts\/11793\/revisions\/11795"}],"wp:featuredmedia":[{"embeddable":true,"href":"https:\/\/www.egemtv.com\/index.php?rest_route=\/wp\/v2\/media\/11794"}],"wp:attachment":[{"href":"https:\/\/www.egemtv.com\/index.php?rest_route=%2Fwp%2Fv2%2Fmedia&parent=11793"}],"wp:term":[{"taxonomy":"category","embeddable":true,"href":"https:\/\/www.egemtv.com\/index.php?rest_route=%2Fwp%2Fv2%2Fcategories&post=11793"},{"taxonomy":"post_tag","embeddable":true,"href":"https:\/\/www.egemtv.com\/index.php?rest_route=%2Fwp%2Fv2%2Ftags&post=11793"}],"curies":[{"name":"wp","href":"https:\/\/api.w.org\/{rel}","templated":true}]}}