{"id":11790,"date":"2025-01-23T14:28:02","date_gmt":"2025-01-23T11:28:02","guid":{"rendered":"https:\/\/www.egemtv.com\/?p=11790"},"modified":"2025-01-23T14:28:04","modified_gmt":"2025-01-23T11:28:04","slug":"aydinda-umreciler-dualarla-ugurlandi","status":"publish","type":"post","link":"https:\/\/www.egemtv.com\/?p=11790","title":{"rendered":"Ayd\u0131n\u2019da umreciler dualarla u\u011furland\u0131"},"content":{"rendered":"<p>Diyanet \u0130\u015fleri Ba\u015fkanl\u0131\u011f\u0131 organizasyonu ile umre ibadetini yerine getirmek \u00fczere Ayd\u0131n\u2019dan yola \u00e7\u0131kan kafile d\u00fczenlenen t\u00f6renle kutsal topraklara u\u011furland\u0131.<\/p>\n<p>Bey Cami\u2019nde d\u00fczenlenen u\u011furlama program\u0131na, kurum amirleri, din g\u00f6revlileri ve \u00e7ok say\u0131da vatanda\u015f kat\u0131ld\u0131. Kur\u2019an-\u0131 Kerim tilaveti ile ba\u015flayan program din g\u00f6revlileri taraf\u0131ndan okunan ilahiler ve kasideler ile devam etti. Kutsal topraklara gitmenin heyecan\u0131 ile duygu dolu anlar\u0131n ya\u015fand\u0131\u011f\u0131 u\u011furlama t\u00f6reninde Efeler  \u0130l\u00e7e M\u00fcft\u00fcs\u00fc Mehmet Yorulmaz dua yapt\u0131. Yak\u0131nlar\u0131 ile vedala\u015fan umreciler Medine\u2019ye u\u011furland\u0131.<br \/><\/p>\n","protected":false},"excerpt":{"rendered":"<p>Diyanet \u0130\u015fleri Ba\u015fkanl\u0131\u011f\u0131 organizasyonu ile umre ibadetini yerine getirmek \u00fczere Ayd\u0131n\u2019dan yola \u00e7\u0131kan kafile d\u00fczenlenen t\u00f6renle kutsal topraklara u\u011furland\u0131. Bey Cami\u2019nde d\u00fczenlenen u\u011furlama program\u0131na, kurum amirleri, din g\u00f6revlileri ve \u00e7ok say\u0131da vatanda\u015f kat\u0131ld\u0131. Kur\u2019an-\u0131 Kerim tilaveti ile ba\u015flayan program din g\u00f6revlileri taraf\u0131ndan okunan ilahiler ve kasideler ile devam etti. Kutsal topraklara gitmenin heyecan\u0131 ile duygu&#8230;<\/p>\n","protected":false},"author":1,"featured_media":11791,"comment_status":"open","ping_status":"open","sticky":false,"template":"","format":"standard","meta":{"_crdt_document":"","footnotes":""},"categories":[1],"tags":[],"class_list":["post-11790","post","type-post","status-publish","format-standard","has-post-thumbnail","hentry","category-guncel"],"_links":{"self":[{"href":"https:\/\/www.egemtv.com\/index.php?rest_route=\/wp\/v2\/posts\/11790","targetHints":{"allow":["GET"]}}],"collection":[{"href":"https:\/\/www.egemtv.com\/index.php?rest_route=\/wp\/v2\/posts"}],"about":[{"href":"https:\/\/www.egemtv.com\/index.php?rest_route=\/wp\/v2\/types\/post"}],"author":[{"embeddable":true,"href":"https:\/\/www.egemtv.com\/index.php?rest_route=\/wp\/v2\/users\/1"}],"replies":[{"embeddable":true,"href":"https:\/\/www.egemtv.com\/index.php?rest_route=%2Fwp%2Fv2%2Fcomments&post=11790"}],"version-history":[{"count":1,"href":"https:\/\/www.egemtv.com\/index.php?rest_route=\/wp\/v2\/posts\/11790\/revisions"}],"predecessor-version":[{"id":11792,"href":"https:\/\/www.egemtv.com\/index.php?rest_route=\/wp\/v2\/posts\/11790\/revisions\/11792"}],"wp:featuredmedia":[{"embeddable":true,"href":"https:\/\/www.egemtv.com\/index.php?rest_route=\/wp\/v2\/media\/11791"}],"wp:attachment":[{"href":"https:\/\/www.egemtv.com\/index.php?rest_route=%2Fwp%2Fv2%2Fmedia&parent=11790"}],"wp:term":[{"taxonomy":"category","embeddable":true,"href":"https:\/\/www.egemtv.com\/index.php?rest_route=%2Fwp%2Fv2%2Fcategories&post=11790"},{"taxonomy":"post_tag","embeddable":true,"href":"https:\/\/www.egemtv.com\/index.php?rest_route=%2Fwp%2Fv2%2Ftags&post=11790"}],"curies":[{"name":"wp","href":"https:\/\/api.w.org\/{rel}","templated":true}]}}