{"id":11787,"date":"2025-01-23T14:25:02","date_gmt":"2025-01-23T11:25:02","guid":{"rendered":"https:\/\/www.egemtv.com\/?p=11787"},"modified":"2025-01-23T14:25:04","modified_gmt":"2025-01-23T11:25:04","slug":"denizlide-latif-demirci-anisina-karikatur-sergisi-duzenlenecek","status":"publish","type":"post","link":"https:\/\/www.egemtv.com\/?p=11787","title":{"rendered":"Denizli\u2019de Latif Demirci an\u0131s\u0131na karikat\u00fcr sergisi d\u00fczenlenecek"},"content":{"rendered":"<p>Denizli B\u00fcy\u00fck\u015fehir Belediyesi, T\u00fcrk mizah\u0131n\u0131n \u00f6nemli isimlerinden olan Latif Demirci\u2019nin an\u0131s\u0131na \u201cG\u00fcnl\u00fck Hayat\u0131n Mizah\u0131\u201d ba\u015fl\u0131kl\u0131 bir karikat\u00fcr sergisini sanatseverler ile bulu\u015fturuyor.<\/p>\n<p>Denizli B\u00fcy\u00fck\u015fehir Belediyesi, T\u00fcrk mizah\u0131n\u0131n \u00f6nde gelen isimlerinden Latif Demirci\u2019yi anmak amac\u0131yla haz\u0131rlad\u0131\u011f\u0131 \u201cG\u00fcnl\u00fck Hayat\u0131n Mizah\u0131\u201d ba\u015fl\u0131kl\u0131 karikat\u00fcr sergisini sanatseverlerle bulu\u015fturuyor. Sergi, 24 Ocak 2025 Cuma g\u00fcn\u00fc saat 17.30\u2019da Denizli B\u00fcy\u00fck\u015fehir Belediyesi Turan Bahad\u0131r Sanat Galerisi\u2019nde ger\u00e7ekle\u015ftirilecek bir kokteyl ile a\u00e7\u0131lacak. Latif Demirci\u2019nin g\u00fcnl\u00fck ya\u015fam\u0131 mizahi bir bak\u0131\u015f a\u00e7\u0131s\u0131yla ele ald\u0131\u011f\u0131 eserlerinden olu\u015fan sergi, sanatseverlere unutulmaz bir deneyim sunmay\u0131 hedefliyor. 1 \u015eubat\u2019a kadar \u00fccretsiz olarak ziyaret edilebilecek sergiye t\u00fcm vatanda\u015flar\u0131n davetli oldu\u011fu kaydedildi.<br \/><\/p>\n","protected":false},"excerpt":{"rendered":"<p>Denizli B\u00fcy\u00fck\u015fehir Belediyesi, T\u00fcrk mizah\u0131n\u0131n \u00f6nemli isimlerinden olan Latif Demirci\u2019nin an\u0131s\u0131na \u201cG\u00fcnl\u00fck Hayat\u0131n Mizah\u0131\u201d ba\u015fl\u0131kl\u0131 bir karikat\u00fcr sergisini sanatseverler ile bulu\u015fturuyor. Denizli B\u00fcy\u00fck\u015fehir Belediyesi, T\u00fcrk mizah\u0131n\u0131n \u00f6nde gelen isimlerinden Latif Demirci\u2019yi anmak amac\u0131yla haz\u0131rlad\u0131\u011f\u0131 \u201cG\u00fcnl\u00fck Hayat\u0131n Mizah\u0131\u201d ba\u015fl\u0131kl\u0131 karikat\u00fcr sergisini sanatseverlerle bulu\u015fturuyor. Sergi, 24 Ocak 2025 Cuma g\u00fcn\u00fc saat 17.30\u2019da Denizli B\u00fcy\u00fck\u015fehir Belediyesi Turan Bahad\u0131r&#8230;<\/p>\n","protected":false},"author":1,"featured_media":11788,"comment_status":"open","ping_status":"open","sticky":false,"template":"","format":"standard","meta":{"_crdt_document":"","footnotes":""},"categories":[1],"tags":[],"class_list":["post-11787","post","type-post","status-publish","format-standard","has-post-thumbnail","hentry","category-guncel"],"_links":{"self":[{"href":"https:\/\/www.egemtv.com\/index.php?rest_route=\/wp\/v2\/posts\/11787","targetHints":{"allow":["GET"]}}],"collection":[{"href":"https:\/\/www.egemtv.com\/index.php?rest_route=\/wp\/v2\/posts"}],"about":[{"href":"https:\/\/www.egemtv.com\/index.php?rest_route=\/wp\/v2\/types\/post"}],"author":[{"embeddable":true,"href":"https:\/\/www.egemtv.com\/index.php?rest_route=\/wp\/v2\/users\/1"}],"replies":[{"embeddable":true,"href":"https:\/\/www.egemtv.com\/index.php?rest_route=%2Fwp%2Fv2%2Fcomments&post=11787"}],"version-history":[{"count":1,"href":"https:\/\/www.egemtv.com\/index.php?rest_route=\/wp\/v2\/posts\/11787\/revisions"}],"predecessor-version":[{"id":11789,"href":"https:\/\/www.egemtv.com\/index.php?rest_route=\/wp\/v2\/posts\/11787\/revisions\/11789"}],"wp:featuredmedia":[{"embeddable":true,"href":"https:\/\/www.egemtv.com\/index.php?rest_route=\/wp\/v2\/media\/11788"}],"wp:attachment":[{"href":"https:\/\/www.egemtv.com\/index.php?rest_route=%2Fwp%2Fv2%2Fmedia&parent=11787"}],"wp:term":[{"taxonomy":"category","embeddable":true,"href":"https:\/\/www.egemtv.com\/index.php?rest_route=%2Fwp%2Fv2%2Fcategories&post=11787"},{"taxonomy":"post_tag","embeddable":true,"href":"https:\/\/www.egemtv.com\/index.php?rest_route=%2Fwp%2Fv2%2Ftags&post=11787"}],"curies":[{"name":"wp","href":"https:\/\/api.w.org\/{rel}","templated":true}]}}