{"id":11781,"date":"2025-01-23T14:16:52","date_gmt":"2025-01-23T11:16:52","guid":{"rendered":"https:\/\/www.egemtv.com\/?p=11781"},"modified":"2025-01-23T14:16:53","modified_gmt":"2025-01-23T11:16:53","slug":"cezaevinden-firar-eden-suc-makinesi-esini-oldurdu","status":"publish","type":"post","link":"https:\/\/www.egemtv.com\/?p=11781","title":{"rendered":"Cezaevinden firar eden su\u00e7 makinesi e\u015fini \u00f6ld\u00fcrd\u00fc"},"content":{"rendered":"<p>\u00c7e\u015fitli su\u00e7lardan 48 kayd\u0131 bulunan ve Afyon A\u00e7\u0131k Cezaevi\u2019nden firar eden h\u00fck\u00fcml\u00fc, \u0130zmir\u2019de ya\u015fayan e\u015fini b\u0131\u00e7aklayarak \u00f6ld\u00fcrd\u00fc.<br \/>\n<br \/>Olay, d\u00fcn gece saat 02.00 s\u0131ralar\u0131nda meydana geldi. Edinilen bilgiye g\u00f6re, \u2019silahla ya\u011fma\u2019 su\u00e7undan 24 y\u0131l 9 ay 15 g\u00fcn hapis cezas\u0131 ile Afyon A\u00e7\u0131k Cezaevi\u2019nde yatan ve \u00f6nceki g\u00fcn firar eden H.\u00c7. (26), Kar\u015f\u0131yaka \u00d6rnekk\u00f6y Mahallesi 7510. Sokak\u2019ta ikamet eden e\u015fi Melisa \u00c7.\u2019nin (25) yan\u0131na gitti. \u00c7\u0131kan tart\u0131\u015fma sonucu H.\u00c7., yan\u0131nda getirdi\u011fi b\u0131\u00e7akla 1 \u00e7ocuk annesi e\u015fini kar\u0131n b\u00f6lgesinden yaralad\u0131. Sald\u0131rgan koca olay yerinden ka\u00e7arken, a\u011f\u0131r yaralanan Melisa \u00c7. yak\u0131nlar\u0131 taraf\u0131ndan \u00f6zel bir hastaneye kald\u0131r\u0131ld\u0131. Talihsiz kad\u0131n, yap\u0131lan m\u00fcdahalelere ra\u011fmen kurtar\u0131lamayarak hayat\u0131n\u0131 kaybetti. Asayi\u015f \u015eube M\u00fcd\u00fcrl\u00fc\u011f\u00fcne ba\u011fl\u0131 motosikletli polis timleri, \u015f\u00fcpheli H.\u00c7.\u2019yi bir dere yata\u011f\u0131nda k\u0131sk\u0131vrak yakalad\u0131. Katil zanl\u0131s\u0131 H.\u00c7.\u2019nin kasten yaralama, silahla ya\u011fma, oto h\u0131rs\u0131zl\u0131\u011f\u0131, konut dokunulmazl\u0131\u011f\u0131n\u0131 ihlal olmak \u00fczere 48 su\u00e7 kayd\u0131 oldu\u011fu anla\u015f\u0131ld\u0131.<br \/>\n<br \/>\u00d6te yandan, hayat\u0131n\u0131 kaybeden Melisa \u00c7.\u2019nin son 2 y\u0131l i\u00e7erisinde Aile \u0130\u00e7i Kad\u0131na \u015eiddet M\u00fccadele B\u00fcrosunda herhangi bir tedbir karar\u0131 bulunmad\u0131\u011f\u0131 bildirildi.<br \/><\/p>\n","protected":false},"excerpt":{"rendered":"<p>\u00c7e\u015fitli su\u00e7lardan 48 kayd\u0131 bulunan ve Afyon A\u00e7\u0131k Cezaevi\u2019nden firar eden h\u00fck\u00fcml\u00fc, \u0130zmir\u2019de ya\u015fayan e\u015fini b\u0131\u00e7aklayarak \u00f6ld\u00fcrd\u00fc. Olay, d\u00fcn gece saat 02.00 s\u0131ralar\u0131nda meydana geldi. Edinilen bilgiye g\u00f6re, \u2019silahla ya\u011fma\u2019 su\u00e7undan 24 y\u0131l 9 ay 15 g\u00fcn hapis cezas\u0131 ile Afyon A\u00e7\u0131k Cezaevi\u2019nde yatan ve \u00f6nceki g\u00fcn firar eden H.\u00c7. (26), Kar\u015f\u0131yaka \u00d6rnekk\u00f6y Mahallesi 7510&#8230;.<\/p>\n","protected":false},"author":1,"featured_media":11782,"comment_status":"open","ping_status":"open","sticky":false,"template":"","format":"standard","meta":{"_crdt_document":"","footnotes":""},"categories":[5],"tags":[],"class_list":["post-11781","post","type-post","status-publish","format-standard","has-post-thumbnail","hentry","category-asayis"],"_links":{"self":[{"href":"https:\/\/www.egemtv.com\/index.php?rest_route=\/wp\/v2\/posts\/11781","targetHints":{"allow":["GET"]}}],"collection":[{"href":"https:\/\/www.egemtv.com\/index.php?rest_route=\/wp\/v2\/posts"}],"about":[{"href":"https:\/\/www.egemtv.com\/index.php?rest_route=\/wp\/v2\/types\/post"}],"author":[{"embeddable":true,"href":"https:\/\/www.egemtv.com\/index.php?rest_route=\/wp\/v2\/users\/1"}],"replies":[{"embeddable":true,"href":"https:\/\/www.egemtv.com\/index.php?rest_route=%2Fwp%2Fv2%2Fcomments&post=11781"}],"version-history":[{"count":1,"href":"https:\/\/www.egemtv.com\/index.php?rest_route=\/wp\/v2\/posts\/11781\/revisions"}],"predecessor-version":[{"id":11783,"href":"https:\/\/www.egemtv.com\/index.php?rest_route=\/wp\/v2\/posts\/11781\/revisions\/11783"}],"wp:featuredmedia":[{"embeddable":true,"href":"https:\/\/www.egemtv.com\/index.php?rest_route=\/wp\/v2\/media\/11782"}],"wp:attachment":[{"href":"https:\/\/www.egemtv.com\/index.php?rest_route=%2Fwp%2Fv2%2Fmedia&parent=11781"}],"wp:term":[{"taxonomy":"category","embeddable":true,"href":"https:\/\/www.egemtv.com\/index.php?rest_route=%2Fwp%2Fv2%2Fcategories&post=11781"},{"taxonomy":"post_tag","embeddable":true,"href":"https:\/\/www.egemtv.com\/index.php?rest_route=%2Fwp%2Fv2%2Ftags&post=11781"}],"curies":[{"name":"wp","href":"https:\/\/api.w.org\/{rel}","templated":true}]}}