{"id":11769,"date":"2025-01-23T13:58:00","date_gmt":"2025-01-23T10:58:00","guid":{"rendered":"https:\/\/www.egemtv.com\/?p=11769"},"modified":"2025-01-23T13:58:03","modified_gmt":"2025-01-23T10:58:03","slug":"burdurda-arac-icerisine-dusen-sigara-izmariti-yangina-neden-oldu","status":"publish","type":"post","link":"https:\/\/www.egemtv.com\/?p=11769","title":{"rendered":"Burdur\u2019da ara\u00e7 i\u00e7erisine d\u00fc\u015fen sigara izmariti yang\u0131na neden oldu"},"content":{"rendered":"<p>Burdur\u2019da sigara izmaritinin koltu\u011fa d\u00fc\u015fmesiyle yanmaya ba\u015flayan park halindeki minib\u00fcs, itfaiye ekiplerinin m\u00fcdahalesi ile s\u00f6nd\u00fcr\u00fcld\u00fc.<br \/>\n<br \/>Yang\u0131n, merkez Bozkurt Mahallesi 16017 Sokak\u2019ta meydana geldi. Edinilen bilgilere g\u00f6re, Mesut B.\u2019ye ait park halinde bulunan 48 PG 344 plakal\u0131 Citroen marka minib\u00fcs yanmaya ba\u015flad\u0131. Yang\u0131n\u0131 g\u00f6renlerin durumu 112 Acil \u00c7a\u011fr\u0131 Merkezine bildirmesi \u00fczerine olay yerine itfaiye ve polis ekipleri sevk edildi. Olay yerine gelen itfaiye ekiplerinin h\u0131zl\u0131 m\u00fcdahalesi ile yang\u0131n kontrol alt\u0131na al\u0131narak s\u00f6nd\u00fcr\u00fcld\u00fc.<br \/>\n<br \/>Yang\u0131n sonucu maddi hasar olu\u015fan minib\u00fcste incelemelerde bulunan itfaiye ekipleri, yang\u0131n\u0131n koltu\u011fa d\u00fc\u015fen sigara izmaritinden \u00e7\u0131kt\u0131\u011f\u0131 \u015f\u00fcphesi \u00fczerinde duruyor.<br \/><\/p>\n","protected":false},"excerpt":{"rendered":"<p>Burdur\u2019da sigara izmaritinin koltu\u011fa d\u00fc\u015fmesiyle yanmaya ba\u015flayan park halindeki minib\u00fcs, itfaiye ekiplerinin m\u00fcdahalesi ile s\u00f6nd\u00fcr\u00fcld\u00fc. Yang\u0131n, merkez Bozkurt Mahallesi 16017 Sokak\u2019ta meydana geldi. Edinilen bilgilere g\u00f6re, Mesut B.\u2019ye ait park halinde bulunan 48 PG 344 plakal\u0131 Citroen marka minib\u00fcs yanmaya ba\u015flad\u0131. Yang\u0131n\u0131 g\u00f6renlerin durumu 112 Acil \u00c7a\u011fr\u0131 Merkezine bildirmesi \u00fczerine olay yerine itfaiye ve polis&#8230;<\/p>\n","protected":false},"author":1,"featured_media":11770,"comment_status":"open","ping_status":"open","sticky":false,"template":"","format":"standard","meta":{"_crdt_document":"","footnotes":""},"categories":[5],"tags":[],"class_list":["post-11769","post","type-post","status-publish","format-standard","has-post-thumbnail","hentry","category-asayis"],"_links":{"self":[{"href":"https:\/\/www.egemtv.com\/index.php?rest_route=\/wp\/v2\/posts\/11769","targetHints":{"allow":["GET"]}}],"collection":[{"href":"https:\/\/www.egemtv.com\/index.php?rest_route=\/wp\/v2\/posts"}],"about":[{"href":"https:\/\/www.egemtv.com\/index.php?rest_route=\/wp\/v2\/types\/post"}],"author":[{"embeddable":true,"href":"https:\/\/www.egemtv.com\/index.php?rest_route=\/wp\/v2\/users\/1"}],"replies":[{"embeddable":true,"href":"https:\/\/www.egemtv.com\/index.php?rest_route=%2Fwp%2Fv2%2Fcomments&post=11769"}],"version-history":[{"count":1,"href":"https:\/\/www.egemtv.com\/index.php?rest_route=\/wp\/v2\/posts\/11769\/revisions"}],"predecessor-version":[{"id":11771,"href":"https:\/\/www.egemtv.com\/index.php?rest_route=\/wp\/v2\/posts\/11769\/revisions\/11771"}],"wp:featuredmedia":[{"embeddable":true,"href":"https:\/\/www.egemtv.com\/index.php?rest_route=\/wp\/v2\/media\/11770"}],"wp:attachment":[{"href":"https:\/\/www.egemtv.com\/index.php?rest_route=%2Fwp%2Fv2%2Fmedia&parent=11769"}],"wp:term":[{"taxonomy":"category","embeddable":true,"href":"https:\/\/www.egemtv.com\/index.php?rest_route=%2Fwp%2Fv2%2Fcategories&post=11769"},{"taxonomy":"post_tag","embeddable":true,"href":"https:\/\/www.egemtv.com\/index.php?rest_route=%2Fwp%2Fv2%2Ftags&post=11769"}],"curies":[{"name":"wp","href":"https:\/\/api.w.org\/{rel}","templated":true}]}}