{"id":11766,"date":"2025-01-23T13:55:57","date_gmt":"2025-01-23T10:55:57","guid":{"rendered":"https:\/\/www.egemtv.com\/?p=11766"},"modified":"2025-01-23T13:55:59","modified_gmt":"2025-01-23T10:55:59","slug":"cagirdigi-adami-3-erkek-arkadasiyla-gasbetti-o-anlar-guvenlik-kamerasina-yansidi","status":"publish","type":"post","link":"https:\/\/www.egemtv.com\/?p=11766","title":{"rendered":"\u00c7a\u011f\u0131rd\u0131\u011f\u0131 adam\u0131 3 erkek arkada\u015f\u0131yla gasbetti, o anlar g\u00fcvenlik kameras\u0131na yans\u0131d\u0131"},"content":{"rendered":"<p>Isparta\u2019da meydana gelen gasp ve h\u0131rs\u0131zl\u0131k olay\u0131nda 4 \u015f\u00fcpheli tutukland\u0131. Olay an\u0131 ise \u00e7evredeki bir i\u015f yerinin g\u00fcvenlik kameras\u0131na anbean yans\u0131d\u0131.<br \/>\n<br \/>Olay, ge\u00e7ti\u011fimiz g\u00fcnlerde saat 04.00 s\u0131ralar\u0131nda Isparta\u2019n\u0131n 6 Mart Caddesi Binbir Sokak giri\u015finde meydana geldi. Edinilen bilgiye g\u00f6re, 45 ya\u015f\u0131ndaki Habib T., daha \u00f6nce tan\u0131d\u0131\u011f\u0131 Merve D. ve beraberindeki 3 erkek \u015fah\u0131s taraf\u0131ndan gasbedildi\u011fini belirterek karakola ba\u015fvurdu. Habib T. emniyetteki ifadesinde, Merve D.\u2019nin kendisini Ko\u00e7cam Kav\u015fa\u011f\u0131\u2019na \u00e7a\u011f\u0131rd\u0131\u011f\u0131n\u0131, burada k\u0131rm\u0131z\u0131 renkli bir ara\u00e7tan inen Merve D.\u2019nin havaya ate\u015f etti\u011fini ve arac\u0131n i\u00e7inden bir di\u011fer \u015fahs\u0131n da pompal\u0131 t\u00fcfekle ate\u015f etti\u011fini s\u00f6yledi. Olay sonras\u0131 \u015f\u00fcpheliler ka\u00e7arken, \u015fik\u00e2yet\u00e7i olan ma\u011fdur Habib T.\u2019nin ifadesi do\u011frultusunda soru\u015fturma ba\u015flat\u0131ld\u0131.<\/p>\n<p>4 \u015f\u00fcpheli tespit edilerek yakaland\u0131<br \/>\n<br \/>Polis, yap\u0131lan incelemeler sonucu; Merve D. (24), Ahmet Y. (31), Arif T. (24) ve Can T. (34) isimli \u015f\u00fcphelilerin kimliklerini tespit etti. \u015e\u00fcpheliler hakk\u0131nda yap\u0131lan operasyon sonucunda 4 \u015f\u00fcpheli de yakalanarak g\u00f6zalt\u0131na al\u0131nd\u0131. \u015e\u00fcphelilerin evlerinde ve ara\u00e7lar\u0131nda yap\u0131lan aramalarda, olay esnas\u0131nda kullan\u0131lan kurus\u0131k\u0131 tabanca, pompal\u0131 t\u00fcfek ve ayr\u0131ca uyu\u015fturucu madde ele ge\u00e7irildi.<\/p>\n<p>Tutuklanarak cezaevine g\u00f6nderildiler<br \/>\n<br \/>4 \u015f\u00fcpheli, Cumhuriyet Savc\u0131l\u0131\u011f\u0131n\u0131n talimat\u0131yla tutuklanarak adli i\u015flemleri yap\u0131lmak \u00fczere cezaevine g\u00f6nderilirken, olay an\u0131 \u00e7evredeki bir i\u015f yerinin g\u00fcvenlik kameralar\u0131na yans\u0131d\u0131. G\u00f6r\u00fcnt\u00fclerde ise k\u0131rm\u0131z\u0131 bir ara\u00e7tan inen 4 \u015fahs\u0131n gasp yapt\u0131\u011f\u0131 anlar yer ald\u0131.<br \/><\/p>\n","protected":false},"excerpt":{"rendered":"<p>Isparta\u2019da meydana gelen gasp ve h\u0131rs\u0131zl\u0131k olay\u0131nda 4 \u015f\u00fcpheli tutukland\u0131. Olay an\u0131 ise \u00e7evredeki bir i\u015f yerinin g\u00fcvenlik kameras\u0131na anbean yans\u0131d\u0131. Olay, ge\u00e7ti\u011fimiz g\u00fcnlerde saat 04.00 s\u0131ralar\u0131nda Isparta\u2019n\u0131n 6 Mart Caddesi Binbir Sokak giri\u015finde meydana geldi. Edinilen bilgiye g\u00f6re, 45 ya\u015f\u0131ndaki Habib T., daha \u00f6nce tan\u0131d\u0131\u011f\u0131 Merve D. ve beraberindeki 3 erkek \u015fah\u0131s taraf\u0131ndan gasbedildi\u011fini&#8230;<\/p>\n","protected":false},"author":1,"featured_media":11767,"comment_status":"open","ping_status":"open","sticky":false,"template":"","format":"standard","meta":{"_crdt_document":"","footnotes":""},"categories":[5],"tags":[],"class_list":["post-11766","post","type-post","status-publish","format-standard","has-post-thumbnail","hentry","category-asayis"],"_links":{"self":[{"href":"https:\/\/www.egemtv.com\/index.php?rest_route=\/wp\/v2\/posts\/11766","targetHints":{"allow":["GET"]}}],"collection":[{"href":"https:\/\/www.egemtv.com\/index.php?rest_route=\/wp\/v2\/posts"}],"about":[{"href":"https:\/\/www.egemtv.com\/index.php?rest_route=\/wp\/v2\/types\/post"}],"author":[{"embeddable":true,"href":"https:\/\/www.egemtv.com\/index.php?rest_route=\/wp\/v2\/users\/1"}],"replies":[{"embeddable":true,"href":"https:\/\/www.egemtv.com\/index.php?rest_route=%2Fwp%2Fv2%2Fcomments&post=11766"}],"version-history":[{"count":1,"href":"https:\/\/www.egemtv.com\/index.php?rest_route=\/wp\/v2\/posts\/11766\/revisions"}],"predecessor-version":[{"id":11768,"href":"https:\/\/www.egemtv.com\/index.php?rest_route=\/wp\/v2\/posts\/11766\/revisions\/11768"}],"wp:featuredmedia":[{"embeddable":true,"href":"https:\/\/www.egemtv.com\/index.php?rest_route=\/wp\/v2\/media\/11767"}],"wp:attachment":[{"href":"https:\/\/www.egemtv.com\/index.php?rest_route=%2Fwp%2Fv2%2Fmedia&parent=11766"}],"wp:term":[{"taxonomy":"category","embeddable":true,"href":"https:\/\/www.egemtv.com\/index.php?rest_route=%2Fwp%2Fv2%2Fcategories&post=11766"},{"taxonomy":"post_tag","embeddable":true,"href":"https:\/\/www.egemtv.com\/index.php?rest_route=%2Fwp%2Fv2%2Ftags&post=11766"}],"curies":[{"name":"wp","href":"https:\/\/api.w.org\/{rel}","templated":true}]}}