{"id":11763,"date":"2025-01-23T13:40:32","date_gmt":"2025-01-23T10:40:32","guid":{"rendered":"https:\/\/www.egemtv.com\/?p=11763"},"modified":"2025-01-23T13:40:34","modified_gmt":"2025-01-23T10:40:34","slug":"otel-yangininda-olen-anne-kizin-helalliginde-gozyaslari-sel-oldu","status":"publish","type":"post","link":"https:\/\/www.egemtv.com\/?p=11763","title":{"rendered":"Otel yang\u0131n\u0131nda \u00f6len anne k\u0131z\u0131n helalli\u011finde g\u00f6zya\u015flar\u0131 sel oldu"},"content":{"rendered":"<p>Bolu\u2019da \u00e7\u0131kan yang\u0131nda hayat\u0131n\u0131 kaybeden Dr. \u00d6\u011fretim \u00dcyesi K\u00fcbra Tongu\u00e7 Alt\u0131n ve k\u0131z\u0131 minik Alya Alt\u0131n\u2019\u0131n cenazeleri, Manisa\u2019n\u0131n Soma il\u00e7esine getirildi. Baba evinde helallik al\u0131nmas\u0131 s\u0131ras\u0131nda g\u00f6zya\u015flar\u0131 adeta sele d\u00f6nd\u00fc. Yang\u0131nda yaralanan Hilmi Alt\u0131n\u2019\u0131n babas\u0131 olan eski Denizli \u0130l Sosyal Hizmetler M\u00fcd\u00fcr\u00fc Ahmet Alt\u0131n, gelini ve torunu i\u00e7in dua ettirirken g\u00f6zya\u015flar\u0131na hakim olamad\u0131.<br \/>\n<br \/>Bolu\u2019daki otel yang\u0131n\u0131nda hayat\u0131n\u0131 kaybeden Somal\u0131 Tongu\u00e7 ailesinin k\u0131zlar\u0131 ve torunlar\u0131 baba evi Manisa\u2019n\u0131n Soma il\u00e7esine getirildi. Yang\u0131nda hayat\u0131n\u0131 kaybeden Dr. \u00d6\u011fretim \u00dcyesi K\u00fcbra Tongu\u00e7 Alt\u0131n ve k\u0131z\u0131 4. s\u0131n\u0131f \u00f6\u011frencisi Alya Alt\u0131n i\u00e7in helallik al\u0131nd\u0131\u011f\u0131 s\u0131rada aile bireyleri fenal\u0131k ge\u00e7irdi. K\u00fcbra Tongu\u00e7 Alt\u0131n\u2019\u0131n annesi Fatma Tongu\u00e7, babas\u0131 Ergin Tongu\u00e7 ve k\u0131z karde\u015fi B\u00fc\u015fra Boztepe, kay\u0131nbabas\u0131 eski Denizli \u0130l Sosyal Hizmetler M\u00fcd\u00fcr\u00fc Ahmet Alt\u0131n g\u00fc\u00e7l\u00fckle ayakta dururken yak\u0131nlar\u0131 taraf\u0131ndan teselli edildi. Gelini ve torunu i\u00e7in helallik isteyen ve dua ettiren eski Denizli \u0130l Sosyal Hizmetler M\u00fcd\u00fcr\u00fc Ahmet Alt\u0131n ise konu\u015fmas\u0131 s\u0131ras\u0131nda g\u00f6zya\u015flar\u0131na hakim olamad\u0131. Anne ve k\u0131z\u0131n cenazeleri ard\u0131ndan, cenaze namaz\u0131n\u0131n k\u0131l\u0131naca\u011f\u0131 Parkalt\u0131 Camii\u2019ne g\u00f6t\u00fcr\u00fcld\u00fc.<br \/>\n<br \/>K\u00fcbra Tongu\u00e7 Alt\u0131n\u2019\u0131n e\u015fi Hilmi Alt\u0131n\u2019\u0131n ise hastanedeki tedavisinin devam etti\u011fi \u00f6\u011frenildi.<br \/><\/p>\n","protected":false},"excerpt":{"rendered":"<p>Bolu\u2019da \u00e7\u0131kan yang\u0131nda hayat\u0131n\u0131 kaybeden Dr. \u00d6\u011fretim \u00dcyesi K\u00fcbra Tongu\u00e7 Alt\u0131n ve k\u0131z\u0131 minik Alya Alt\u0131n\u2019\u0131n cenazeleri, Manisa\u2019n\u0131n Soma il\u00e7esine getirildi. Baba evinde helallik al\u0131nmas\u0131 s\u0131ras\u0131nda g\u00f6zya\u015flar\u0131 adeta sele d\u00f6nd\u00fc. Yang\u0131nda yaralanan Hilmi Alt\u0131n\u2019\u0131n babas\u0131 olan eski Denizli \u0130l Sosyal Hizmetler M\u00fcd\u00fcr\u00fc Ahmet Alt\u0131n, gelini ve torunu i\u00e7in dua ettirirken g\u00f6zya\u015flar\u0131na hakim olamad\u0131. Bolu\u2019daki otel&#8230;<\/p>\n","protected":false},"author":1,"featured_media":11764,"comment_status":"open","ping_status":"open","sticky":false,"template":"","format":"standard","meta":{"_crdt_document":"","footnotes":""},"categories":[5],"tags":[],"class_list":["post-11763","post","type-post","status-publish","format-standard","has-post-thumbnail","hentry","category-asayis"],"_links":{"self":[{"href":"https:\/\/www.egemtv.com\/index.php?rest_route=\/wp\/v2\/posts\/11763","targetHints":{"allow":["GET"]}}],"collection":[{"href":"https:\/\/www.egemtv.com\/index.php?rest_route=\/wp\/v2\/posts"}],"about":[{"href":"https:\/\/www.egemtv.com\/index.php?rest_route=\/wp\/v2\/types\/post"}],"author":[{"embeddable":true,"href":"https:\/\/www.egemtv.com\/index.php?rest_route=\/wp\/v2\/users\/1"}],"replies":[{"embeddable":true,"href":"https:\/\/www.egemtv.com\/index.php?rest_route=%2Fwp%2Fv2%2Fcomments&post=11763"}],"version-history":[{"count":1,"href":"https:\/\/www.egemtv.com\/index.php?rest_route=\/wp\/v2\/posts\/11763\/revisions"}],"predecessor-version":[{"id":11765,"href":"https:\/\/www.egemtv.com\/index.php?rest_route=\/wp\/v2\/posts\/11763\/revisions\/11765"}],"wp:featuredmedia":[{"embeddable":true,"href":"https:\/\/www.egemtv.com\/index.php?rest_route=\/wp\/v2\/media\/11764"}],"wp:attachment":[{"href":"https:\/\/www.egemtv.com\/index.php?rest_route=%2Fwp%2Fv2%2Fmedia&parent=11763"}],"wp:term":[{"taxonomy":"category","embeddable":true,"href":"https:\/\/www.egemtv.com\/index.php?rest_route=%2Fwp%2Fv2%2Fcategories&post=11763"},{"taxonomy":"post_tag","embeddable":true,"href":"https:\/\/www.egemtv.com\/index.php?rest_route=%2Fwp%2Fv2%2Ftags&post=11763"}],"curies":[{"name":"wp","href":"https:\/\/api.w.org\/{rel}","templated":true}]}}