{"id":11760,"date":"2025-01-23T13:40:30","date_gmt":"2025-01-23T10:40:30","guid":{"rendered":"https:\/\/www.egemtv.com\/?p=11760"},"modified":"2025-01-23T13:40:32","modified_gmt":"2025-01-23T10:40:32","slug":"emekli-ikili-ev-ev-gezerek-yaslilara-ve-yalnizlara-moral-oluyor","status":"publish","type":"post","link":"https:\/\/www.egemtv.com\/?p=11760","title":{"rendered":"Emekli ikili ev ev gezerek ya\u015fl\u0131lara ve yaln\u0131zlara moral oluyor"},"content":{"rendered":"<p>Burdur\u2019un G\u00f6lhisar il\u00e7esinde ya\u015fayan emekli e\u011fitimci Mehmet Ermumcu ve emekli sa\u011fl\u0131k\u00e7\u0131 Mehmet Kara, yakla\u015f\u0131k bir bu\u00e7uk y\u0131ld\u0131r il\u00e7edeki ve \u00e7evre k\u00f6ylerdeki ya\u015fl\u0131 ve hasta vatanda\u015flar\u0131 ziyaret ederek hem moral veriyor hem de dayan\u0131\u015fma k\u00fclt\u00fcr\u00fcn\u00fc canland\u0131r\u0131yor. Yakla\u015f\u0131k 200 ki\u015fiye ula\u015fan ikili, yapt\u0131klar\u0131 anlaml\u0131 ziyaretlerle g\u00f6n\u00fcllere dokunuyor.<br \/>\n<br \/>Burdur\u2019un G\u00f6lhisar il\u00e7esinde ya\u015fayan emekli Mehmet Ermumcu (72) ve Mehmet Kara (52), emeklilik g\u00fcnlerini anlaml\u0131 hale getirmek i\u00e7in ba\u015flatt\u0131klar\u0131 ziyaret program\u0131yla hem g\u00f6n\u00fcllere dokunuyor hem de dayan\u0131\u015fma k\u00fclt\u00fcr\u00fcn\u00fc yeniden hat\u0131rlat\u0131yor. Yakla\u015f\u0131k bir bu\u00e7uk y\u0131ld\u0131r il\u00e7e merkezi ve \u00e7evre k\u00f6ylerde ya\u015fayan ya\u015fl\u0131 ve hasta vatanda\u015flar\u0131 d\u00fczenli olarak ziyaret eden ikili, \u015fimdiye kadar yakla\u015f\u0131k 200 ki\u015fiye ula\u015ft\u0131. Yapt\u0131klar\u0131 ziyaretlerle yaln\u0131zl\u0131klar\u0131 payla\u015f\u0131p moral olan emekliler, topluma \u00f6rnek bir dayan\u0131\u015fma sergiliyor. Al\u0131nan dualar\u0131 en b\u00fcy\u00fck kazan\u00e7 olarak g\u00f6ren Mehmet Ermumcu ve Mehmet Kara, bu anlaml\u0131 \u00e7al\u0131\u015fmayla hem kendi hayatlar\u0131n\u0131 zenginle\u015ftiriyor hem de toplumda fark\u0131ndal\u0131k olu\u015fturuyor.<br \/>\n<br \/>Yapt\u0131klar\u0131 ziyaretler \u00e7er\u00e7evesinde ihtiya\u00e7 sahiplerini gerekli kurumlara bildirerek ihtiya\u00e7lar\u0131n\u0131n k\u0131sa s\u00fcrede kar\u015f\u0131lanmas\u0131n\u0131 sa\u011flad\u0131klar\u0131n\u0131 dile getiren Mehmet Ermumcu, &#8220;Babamdan g\u00f6rd\u00fc\u011f\u00fcm bir faaliyet vard\u0131; o da ya\u015fl\u0131lar\u0131, hastalar\u0131 \u00f6nemle ziyaret etmekti. Bu G\u00f6lhisar\u2019da unutulmaya y\u00fcz tutmu\u015f bir gelene\u011fimiz g\u00f6rene\u011fimizdi. Biz de bunu Mehmet Kara karde\u015fimle devam ettirme karar\u0131 ald\u0131k. \u015eu anda biz herhangi bir hastay\u0131, bir ya\u015fl\u0131y\u0131 ziyaret edemedi\u011fimizde bir eksiklik hissediyoruz. \u00c7evrede kimi ziyaret edebiliriz diye s\u00fcrekli ara\u015ft\u0131rma yap\u0131yoruz. Sosyal medya \u00fczerinden ziyaretlerimizi payla\u015farak daha \u00e7ok ki\u015fiye ula\u015fmaya \u00e7al\u0131\u015f\u0131yoruz. Bu payla\u015f\u0131mlar\u0131 g\u00f6renler de bize destek veriyor. Bu ziyaretlerde baz\u0131 ya\u015fl\u0131lar\u0131m\u0131zdan kimsenin bilmedi\u011fi bilgileri \u00f6\u011frenerek g\u00fcn y\u00fcz\u00fcne \u00e7\u0131kard\u0131\u011f\u0131m\u0131z zamanlarda olmaya ba\u015flad\u0131. Bug\u00fcn aya\u011f\u0131ndan ameliyat olan bir ablam\u0131z\u0131 ziyarete geldik. O da bize eskiden beri kendi yazd\u0131\u011f\u0131 atas\u00f6zlerinin oldu\u011fu defterlerini bize g\u00f6sterdi. Biz bu ziyaretlerimizde konu\u015ftu\u011fumuz ya\u015fl\u0131lar\u0131n bilgilerini Kaymakaml\u0131\u011f\u0131m\u0131za ve Sosyal Hizmetler \u0130l M\u00fcd\u00fcrl\u00fc\u011f\u00fc\u2019ne de bildiriyoruz. Bir ihtiya\u00e7 durumunda onlar da kolayl\u0131kla ya\u015fl\u0131lar\u0131m\u0131za ula\u015f\u0131yorlar\u201d ifadelerini kulland\u0131.<br \/>\n<br \/>Yapt\u0131klar\u0131 bu sosyal sorumluluk projesinde ald\u0131klar\u0131 dualar\u0131n kendilerini mutlu etti\u011fini dile getiren Mehmet Kara, &#8220;Emeklili\u011fimle birlikte, Mehmet Ermumcu a\u011fabeyimin rehberli\u011finde ba\u015flad\u0131\u011f\u0131m\u0131z bu ziyaretlerle, yeni nesil ile eski nesli bir araya getirip b\u00fcy\u00fcklerimizi ve hastalar\u0131m\u0131z\u0131 yaln\u0131z b\u0131rakmamaya \u00f6zen g\u00f6steriyoruz. Yakla\u015f\u0131k bir y\u0131l \u00f6nce ba\u015flad\u0131\u011f\u0131m\u0131z ziyaretlerimizde bazen g\u00fcld\u00fck bazen h\u00fcz\u00fcnlendik bazen eski g\u00fcnlerden konu\u015ftuk bazen de hastalar\u0131m\u0131zla dertle\u015ftik. Al\u0131nan dualar, bizim heyecan\u0131m\u0131z\u0131 her zaman zirvede tuttu&#8221; dedi.<\/p>\n<p>Farkl\u0131 tepkilerle kar\u015f\u0131la\u015f\u0131yorlar<br \/>\n<br \/>Kara, ziyaretlerde farkl\u0131 tepkilerle kar\u015f\u0131la\u015ft\u0131klar\u0131n\u0131 belirterek, &#8220;Bize neden gelmediniz diye sitem edenler de oldu, \u015fakayla kar\u0131\u015f\u0131k gelmeyin diyenler de. \u00c7ok iyi yap\u0131yorsunuz diyerek bizi destekleyenler de \u00e7\u0131kt\u0131, foto\u011fraf ve r\u00f6portaj istemeyenler de. Ziyaretlerimizle hat\u0131ralar\u0131 canland\u0131rd\u0131k, yaln\u0131zl\u0131klar\u0131 azaltt\u0131k. Baz\u0131 misafirlerimiz \u2018Bu say\u0131lmaz, tekrar gelin\u2019 diyerek bizi tekrar g\u00f6rmek istedi. Biz hep \u015fu s\u00f6zle hareket ettik: \u2018Bir insan ac\u0131 duyarsa canl\u0131d\u0131r. Ba\u015fkas\u0131n\u0131n ac\u0131s\u0131n\u0131 duyarsa insand\u0131r.\u2019 Bu s\u00f6z bizim rehberimiz oldu ve ald\u0131\u011f\u0131m\u0131z dualar her \u015feyin kar\u015f\u0131l\u0131\u011f\u0131n\u0131 fazlas\u0131yla verdi&#8221; \u015feklinde konu\u015ftu.<br \/>\n<br \/>\u0130kilinin ziyaretinden \u00e7ok memnun oldu\u011funu dile getiren Y\u0131ld\u0131z Okatan (81), \u201cAmeliyat oldu\u011fum i\u00e7in art\u0131k pek evden \u00e7\u0131kam\u0131yordum. Sizlerin ziyaretinden \u00e7ok mutlu oldum. Ac\u0131m\u0131 unuttum geli\u015finizle. Ben eskiden beri akl\u0131ma gelen atas\u00f6zlerini defterime yazard\u0131m. Ama \u015fimdiye kadar kimseye s\u00f6ylememi\u015ftim. Hatta bunu kitap haline getirip e\u015fe dosta da\u011f\u0131tmak istiyordum. Sizi Allah g\u00f6nderdi. \u0130n\u015fallah sizin de deste\u011finizle bu hayalimi ger\u00e7ekle\u015ftirece\u011fim\u201d dedi.<br \/>\n<br \/>Mehmet Ermumcu ve Mehmet Kara da Okatan\u2019\u0131n bu hayalini yazar bir arkada\u015flar\u0131n\u0131n deste\u011fiyle ger\u00e7ekle\u015ftireceklerinin s\u00f6z\u00fcn\u00fc verdi.<\/p>\n<p>Toplumda fark\u0131ndal\u0131k olu\u015fturuyorlar<br \/>\n<br \/>Mehmet Ermumcu ve Mehmet Kara, d\u00fczenli olarak ger\u00e7ekle\u015ftirdikleri ziyaretlerle il\u00e7ede dayan\u0131\u015fma ve yard\u0131mla\u015fma k\u00fclt\u00fcr\u00fcne katk\u0131da bulunmay\u0131 hedefliyor.<br \/>\n<br \/>Her hafta yeni bir evi ziyaret eden ikili, unutulmaya y\u00fcz tutmu\u015f kom\u015fuluk ili\u015fkilerini yeniden hat\u0131rlatarak \u00f6rnek bir davran\u0131\u015f sergiliyor.<br \/><\/p>\n","protected":false},"excerpt":{"rendered":"<p>Burdur\u2019un G\u00f6lhisar il\u00e7esinde ya\u015fayan emekli e\u011fitimci Mehmet Ermumcu ve emekli sa\u011fl\u0131k\u00e7\u0131 Mehmet Kara, yakla\u015f\u0131k bir bu\u00e7uk y\u0131ld\u0131r il\u00e7edeki ve \u00e7evre k\u00f6ylerdeki ya\u015fl\u0131 ve hasta vatanda\u015flar\u0131 ziyaret ederek hem moral veriyor hem de dayan\u0131\u015fma k\u00fclt\u00fcr\u00fcn\u00fc canland\u0131r\u0131yor. Yakla\u015f\u0131k 200 ki\u015fiye ula\u015fan ikili, yapt\u0131klar\u0131 anlaml\u0131 ziyaretlerle g\u00f6n\u00fcllere dokunuyor. Burdur\u2019un G\u00f6lhisar il\u00e7esinde ya\u015fayan emekli Mehmet Ermumcu (72) ve Mehmet&#8230;<\/p>\n","protected":false},"author":1,"featured_media":11761,"comment_status":"open","ping_status":"open","sticky":false,"template":"","format":"standard","meta":{"_crdt_document":"","footnotes":""},"categories":[123],"tags":[],"class_list":["post-11760","post","type-post","status-publish","format-standard","has-post-thumbnail","hentry","category-gundem"],"_links":{"self":[{"href":"https:\/\/www.egemtv.com\/index.php?rest_route=\/wp\/v2\/posts\/11760","targetHints":{"allow":["GET"]}}],"collection":[{"href":"https:\/\/www.egemtv.com\/index.php?rest_route=\/wp\/v2\/posts"}],"about":[{"href":"https:\/\/www.egemtv.com\/index.php?rest_route=\/wp\/v2\/types\/post"}],"author":[{"embeddable":true,"href":"https:\/\/www.egemtv.com\/index.php?rest_route=\/wp\/v2\/users\/1"}],"replies":[{"embeddable":true,"href":"https:\/\/www.egemtv.com\/index.php?rest_route=%2Fwp%2Fv2%2Fcomments&post=11760"}],"version-history":[{"count":1,"href":"https:\/\/www.egemtv.com\/index.php?rest_route=\/wp\/v2\/posts\/11760\/revisions"}],"predecessor-version":[{"id":11762,"href":"https:\/\/www.egemtv.com\/index.php?rest_route=\/wp\/v2\/posts\/11760\/revisions\/11762"}],"wp:featuredmedia":[{"embeddable":true,"href":"https:\/\/www.egemtv.com\/index.php?rest_route=\/wp\/v2\/media\/11761"}],"wp:attachment":[{"href":"https:\/\/www.egemtv.com\/index.php?rest_route=%2Fwp%2Fv2%2Fmedia&parent=11760"}],"wp:term":[{"taxonomy":"category","embeddable":true,"href":"https:\/\/www.egemtv.com\/index.php?rest_route=%2Fwp%2Fv2%2Fcategories&post=11760"},{"taxonomy":"post_tag","embeddable":true,"href":"https:\/\/www.egemtv.com\/index.php?rest_route=%2Fwp%2Fv2%2Ftags&post=11760"}],"curies":[{"name":"wp","href":"https:\/\/api.w.org\/{rel}","templated":true}]}}