{"id":11757,"date":"2025-01-23T13:40:27","date_gmt":"2025-01-23T10:40:27","guid":{"rendered":"https:\/\/www.egemtv.com\/?p=11757"},"modified":"2025-01-23T13:40:29","modified_gmt":"2025-01-23T10:40:29","slug":"buyuksehirin-ambulanslari-manisalilarin-hizmetinde","status":"publish","type":"post","link":"https:\/\/www.egemtv.com\/?p=11757","title":{"rendered":"B\u00fcy\u00fck\u015fehir\u2019in ambulanslar\u0131 Manisal\u0131lar\u0131n hizmetinde"},"content":{"rendered":"<p>Sosyal belediyecilik anlay\u0131\u015f\u0131n\u0131 merkeze alarak \u00e7al\u0131\u015fmalar\u0131na devam eden Manisa B\u00fcy\u00fck\u015fehir Belediyesi, hasta nakil ambulans\u0131 hizmetiyle deste\u011fe ihtiya\u00e7 duyan dezavantajl\u0131 yurtta\u015flar\u0131n yan\u0131nda olmay\u0131 s\u00fcrd\u00fcr\u00fcyor.<br \/>\n<br \/>Manisa B\u00fcy\u00fck\u015fehir Belediyesi, hasta, yatalak ve engelli yurtta\u015flar\u0131n sa\u011fl\u0131k kurulu\u015flar\u0131na naklini sa\u011flayan hasta nakil ambulans\u0131 hizmetiyle Manisal\u0131lara destek oluyor. Sa\u011fl\u0131k \u0130\u015fleri Dairesi Ba\u015fkanl\u0131\u011f\u0131 b\u00fcnyesinde hizmet veren hasta nakil ambulanslar\u0131, ge\u00e7ti\u011fimiz y\u0131l, deste\u011fe ihtiya\u00e7 duyan dezavantajl\u0131 1015 Manisal\u0131n\u0131n sa\u011fl\u0131k kurulu\u015flar\u0131na naklini ve tedavileri bitince de evlerine ula\u015ft\u0131r\u0131lmas\u0131n\u0131 sa\u011flad\u0131. 2025 y\u0131l\u0131 i\u00e7in yeni hasta nakil ambulanslar\u0131n\u0131n hizmete al\u0131naca\u011f\u0131 ve daha geni\u015f bir kapsama ula\u015f\u0131laca\u011f\u0131 belirtildi.<\/p>\n<p>\u201cSa\u011fl\u0131k hizmetlerine eri\u015fimde s\u0131n\u0131rlar\u0131 kald\u0131raca\u011f\u0131z\u201d<br \/>\n<br \/>Manisa B\u00fcy\u00fck\u015fehir Belediye Ba\u015fkan\u0131 Mimar Ferdi Zeyrek, hayata ge\u00e7irdikleri projelerle sa\u011fl\u0131k hizmetlerine eri\u015fimi kolayla\u015ft\u0131rmay\u0131 ve yurtta\u015flar\u0131n ya\u015fam kalitesini y\u00fckseltmeyi \u00f6ncelikli hedef olarak g\u00f6rd\u00fcklerini belirterek, \u201cAmac\u0131m\u0131z, ihtiya\u00e7 duyan her vatanda\u015f\u0131m\u0131za ula\u015fmak. Bu do\u011frultuda, yaln\u0131zca hasta nakil ambulans hizmetimizle de\u011fil, ayn\u0131 zamanda Evde Bak\u0131m Hizmeti gibi yenilik\u00e7i projelerimizle de sa\u011fl\u0131k alan\u0131nda \u00f6nemli ad\u0131mlar at\u0131yoruz. Uzman personellerden olu\u015facak ekiplerimiz, ya\u015fl\u0131, engelli ve bak\u0131ma muhta\u00e7 bireylerin hayatlar\u0131n\u0131 kolayla\u015ft\u0131rmak i\u00e7in her zaman yanlar\u0131nda olacak. Ayr\u0131ca, 2025 y\u0131l\u0131nda hizmete alaca\u011f\u0131m\u0131z yeni ambulanslarla hasta nakil hizmetimizi daha da g\u00fc\u00e7lendirerek sa\u011fl\u0131k hizmetlerine eri\u015fimde s\u0131n\u0131rlar\u0131 kald\u0131raca\u011f\u0131z. Sosyal hizmet projelerimizle dezavantajl\u0131 yurtta\u015flar\u0131m\u0131z\u0131n ya\u015famlar\u0131n\u0131 iyile\u015ftirmek ad\u0131na kararl\u0131l\u0131kla \u00e7al\u0131\u015fmaya devam edece\u011fiz\u201d dedi.<\/p>\n<p>Bir telefon kadar yak\u0131n<br \/>\n<br \/>Sa\u011fl\u0131k \u0130\u015fleri Dairesi Ba\u015fkanl\u0131\u011f\u0131 Sa\u011fl\u0131k Hizmetleri \u015eube M\u00fcd\u00fcr\u00fc Ahmet M\u00fc\u015ftak Ayd\u0131n da \u201cSosyal belediyecilik anlay\u0131\u015f\u0131 ile hasta nakil hizmetlerine aral\u0131ks\u0131z devam ediyoruz. Vatanda\u015flar\u0131m\u0131z\u0131n hastaneden eve, evden hastaneye nakillerini ger\u00e7ekle\u015ftiriyoruz. 2024 y\u0131l\u0131nda binin \u00fczerinde hasta naklinin ger\u00e7ekle\u015ftirdik. Bu y\u0131l da hizmetlerimiz yeni ambulanslar\u0131n eklenmesiyle aral\u0131ks\u0131z s\u00fcrecek\u201d diye konu\u015ftu.<br \/>\n<br \/>Ayd\u0131n, vatanda\u015flar\u0131n ambulans hizmeti i\u00e7in 0531 373 59 15 numaral\u0131 telefondan arayarak randevu olu\u015fturabileceklerini ifade etti.<br \/><\/p>\n","protected":false},"excerpt":{"rendered":"<p>Sosyal belediyecilik anlay\u0131\u015f\u0131n\u0131 merkeze alarak \u00e7al\u0131\u015fmalar\u0131na devam eden Manisa B\u00fcy\u00fck\u015fehir Belediyesi, hasta nakil ambulans\u0131 hizmetiyle deste\u011fe ihtiya\u00e7 duyan dezavantajl\u0131 yurtta\u015flar\u0131n yan\u0131nda olmay\u0131 s\u00fcrd\u00fcr\u00fcyor. Manisa B\u00fcy\u00fck\u015fehir Belediyesi, hasta, yatalak ve engelli yurtta\u015flar\u0131n sa\u011fl\u0131k kurulu\u015flar\u0131na naklini sa\u011flayan hasta nakil ambulans\u0131 hizmetiyle Manisal\u0131lara destek oluyor. Sa\u011fl\u0131k \u0130\u015fleri Dairesi Ba\u015fkanl\u0131\u011f\u0131 b\u00fcnyesinde hizmet veren hasta nakil ambulanslar\u0131, ge\u00e7ti\u011fimiz y\u0131l, deste\u011fe&#8230;<\/p>\n","protected":false},"author":1,"featured_media":11758,"comment_status":"open","ping_status":"open","sticky":false,"template":"","format":"standard","meta":{"_crdt_document":"","footnotes":""},"categories":[2],"tags":[],"class_list":["post-11757","post","type-post","status-publish","format-standard","has-post-thumbnail","hentry","category-saglik"],"_links":{"self":[{"href":"https:\/\/www.egemtv.com\/index.php?rest_route=\/wp\/v2\/posts\/11757","targetHints":{"allow":["GET"]}}],"collection":[{"href":"https:\/\/www.egemtv.com\/index.php?rest_route=\/wp\/v2\/posts"}],"about":[{"href":"https:\/\/www.egemtv.com\/index.php?rest_route=\/wp\/v2\/types\/post"}],"author":[{"embeddable":true,"href":"https:\/\/www.egemtv.com\/index.php?rest_route=\/wp\/v2\/users\/1"}],"replies":[{"embeddable":true,"href":"https:\/\/www.egemtv.com\/index.php?rest_route=%2Fwp%2Fv2%2Fcomments&post=11757"}],"version-history":[{"count":1,"href":"https:\/\/www.egemtv.com\/index.php?rest_route=\/wp\/v2\/posts\/11757\/revisions"}],"predecessor-version":[{"id":11759,"href":"https:\/\/www.egemtv.com\/index.php?rest_route=\/wp\/v2\/posts\/11757\/revisions\/11759"}],"wp:featuredmedia":[{"embeddable":true,"href":"https:\/\/www.egemtv.com\/index.php?rest_route=\/wp\/v2\/media\/11758"}],"wp:attachment":[{"href":"https:\/\/www.egemtv.com\/index.php?rest_route=%2Fwp%2Fv2%2Fmedia&parent=11757"}],"wp:term":[{"taxonomy":"category","embeddable":true,"href":"https:\/\/www.egemtv.com\/index.php?rest_route=%2Fwp%2Fv2%2Fcategories&post=11757"},{"taxonomy":"post_tag","embeddable":true,"href":"https:\/\/www.egemtv.com\/index.php?rest_route=%2Fwp%2Fv2%2Ftags&post=11757"}],"curies":[{"name":"wp","href":"https:\/\/api.w.org\/{rel}","templated":true}]}}