{"id":11754,"date":"2025-01-23T13:36:56","date_gmt":"2025-01-23T10:36:56","guid":{"rendered":"https:\/\/www.egemtv.com\/?p=11754"},"modified":"2025-01-23T13:36:58","modified_gmt":"2025-01-23T10:36:58","slug":"datcada-engellere-kisa-bir-mola","status":"publish","type":"post","link":"https:\/\/www.egemtv.com\/?p=11754","title":{"rendered":"Dat\u00e7a\u2019da Engellere K\u0131sa Bir Mola"},"content":{"rendered":"<p>Mu\u011fla B\u00fcy\u00fck\u015fehir Belediyesi, T\u00fcrkiye\u2019de bir ilk olan K\u0131sa Mola Merkezleri projesini geni\u015fletmeye devam ediyor. Daha \u00f6nce Mente\u015fe, Fethiye, Marmaris, Milas ve Bodrum il\u00e7elerinde hizmete a\u00e7\u0131lan merkezlerin yeni adresi Dat\u00e7a olacak. Dat\u00e7a\u2019n\u0131n ard\u0131ndan Dalaman ve Ortaca il\u00e7elerinde de K\u0131sa Mola Merkezleri kurulmas\u0131 planlan\u0131yor.<br \/>\n<br \/>K\u0131sa Mola Merkezleri, engelli yak\u0131n\u0131 bulunan vatanda\u015flar\u0131n, sevdiklerini g\u00fcvenle emanet edebilece\u011fi, profesyonel destek sunan bir alan olarak dikkat \u00e7ekiyor. \u015eimdiye kadar 439 aileye 9 bin 172 kez hizmet veren bu merkezler, hem bireylerin sosyal ya\u015famlar\u0131n\u0131 kolayla\u015ft\u0131r\u0131yor hem de ailelere nefes alacak bir zaman dilimi sunuyor.<br \/>\n<br \/>K\u0131sa Mola ailesi b\u00fcy\u00fcyor<br \/>\n<br \/>Sosyal belediyecilik anlay\u0131\u015f\u0131yla vatanda\u015flar\u0131n hayat\u0131n\u0131 kolayla\u015ft\u0131ran Mu\u011fla B\u00fcy\u00fck\u015fehir Belediyesi, K\u0131sa Mola Merkezleri ile engelli bireylerin ailelerine destek olmaya devam ediyor.<br \/>\n<br \/>Dat\u00e7a\u2019da a\u00e7\u0131lacak olan K\u0131sa Mola Merkezi, Mu\u011fla ilinde ikamet eden ve 5 ya\u015f \u00fczeri engelli yak\u0131n\u0131 bulunan ailelere hizmet verecek. Vatanda\u015flar\u0131n bu merkezlerden daha geni\u015f kapsamda yararlanabilmesi amac\u0131yla hizmet a\u011f\u0131 s\u00fcrekli geni\u015fletiliyor. K\u0131sa Mola Merkezleri, ailelerin engelli bireylerini g\u00fcvenle emanet edebilece\u011fi bir ortam sa\u011flayarak sosyal ya\u015famlar\u0131n\u0131 kolayla\u015ft\u0131rmay\u0131 hedefliyor.<br \/>\n<br \/>K\u0131sa Mola Merkezlerinden 493 aile faydaland\u0131<br \/>\n<br \/>Mu\u011fla B\u00fcy\u00fck\u015fehir Belediyesi taraf\u0131ndan ilk olarak Mente\u015fe\u2019de hayata ge\u00e7irilen K\u0131sa Mola Merkezi, daha sonra Milas, Fethiye, Marmaris ve Bodrum il\u00e7elerinde de hizmet vermeye ba\u015flad\u0131.  K\u0131sa Mola hizmetinden bug\u00fcne kadar Mente\u015fe\u2019de 185 aile 4 bin 209, Milas\u2019ta 73 aile bin 697, Fethiye\u2019de 84 aile 2 bin 191, Marmaris\u2019te 90 aile bin 64, Bodrum\u2019da 7 aile 11 defa olmak \u00fczere toplamda 493 aile 9 bin 172 kez yararland\u0131.<br \/>\n<br \/>Ba\u015fkan Aras: \u201cEngelli bireylerin ailelerine destek olan \u00f6rnek proje geni\u015fliyor\u201d<br \/>\n<br \/>K\u0131y\u0131 Ege Belediyeler Birli\u011fi ve Mu\u011fla B\u00fcy\u00fck\u015fehir Belediye Ba\u015fkan\u0131 Ahmet Aras, se\u00e7im vaatlerini bir bir hayata ge\u00e7irerek vatanda\u015flara verdi\u011fi s\u00f6zleri tutmaya devam ediyor. Ba\u015fkan Aras, K\u0131sa Mola Merkezleri projesine dair yapt\u0131\u011f\u0131 a\u00e7\u0131klamada, bu hizmetin aileler i\u00e7in \u00f6nemine dikkat \u00e7ekerek  \u201cMente\u015fe, Milas, Marmaris ve Fethiye\u2019de a\u00e7t\u0131\u011f\u0131m\u0131z K\u0131sa Mola Merkezlerimizin ailelerimiz i\u00e7in ta\u015f\u0131d\u0131\u011f\u0131 de\u011feri g\u00f6rd\u00fck. Bu da bizi projeyi b\u00fcy\u00fctme ve daha fazla ki\u015fiye ula\u015ft\u0131rma konusunda cesaretlendirdi. \u00c7al\u0131\u015fmalar\u0131m\u0131z\u0131 h\u0131zla tamamlayarak 3 Aral\u0131k D\u00fcnya Engelliler G\u00fcn\u00fc\u2019nde Bodrum K\u0131sa Mola Merkezi\u2019ni faaliyete ge\u00e7irdik. \u015eimdi ise bu \u00f6nemli hizmeti Dat\u00e7a\u2019ya kazand\u0131rarak merkezlerimizin say\u0131s\u0131n\u0131 31 Ocak\u2019ta 6\u2019ya \u00e7\u0131kar\u0131yoruz. Ayr\u0131ca, Dalaman ve Ortaca\u2019da da k\u0131sa s\u00fcre i\u00e7inde yeni K\u0131sa Mola Merkezleri a\u00e7may\u0131 planl\u0131yoruz\u201d dedi.<br \/>\n<br \/>Ba\u015fkan Aras, projenin il genelinde yayg\u0131nla\u015ft\u0131r\u0131lmas\u0131 i\u00e7in \u00e7al\u0131\u015fmalar\u0131n s\u00fcrd\u00fc\u011f\u00fcn\u00fc belirterek, \u201cDaha adil, e\u015fit ve \u00f6zg\u00fcr bir toplum in\u015fa etme kararl\u0131l\u0131\u011f\u0131yla yolumuza devam ediyoruz,\u201d ifadelerini kulland\u0131.<br \/><\/p>\n","protected":false},"excerpt":{"rendered":"<p>Mu\u011fla B\u00fcy\u00fck\u015fehir Belediyesi, T\u00fcrkiye\u2019de bir ilk olan K\u0131sa Mola Merkezleri projesini geni\u015fletmeye devam ediyor. Daha \u00f6nce Mente\u015fe, Fethiye, Marmaris, Milas ve Bodrum il\u00e7elerinde hizmete a\u00e7\u0131lan merkezlerin yeni adresi Dat\u00e7a olacak. Dat\u00e7a\u2019n\u0131n ard\u0131ndan Dalaman ve Ortaca il\u00e7elerinde de K\u0131sa Mola Merkezleri kurulmas\u0131 planlan\u0131yor. K\u0131sa Mola Merkezleri, engelli yak\u0131n\u0131 bulunan vatanda\u015flar\u0131n, sevdiklerini g\u00fcvenle emanet edebilece\u011fi, profesyonel destek&#8230;<\/p>\n","protected":false},"author":1,"featured_media":11755,"comment_status":"open","ping_status":"open","sticky":false,"template":"","format":"standard","meta":{"_crdt_document":"","footnotes":""},"categories":[123],"tags":[],"class_list":["post-11754","post","type-post","status-publish","format-standard","has-post-thumbnail","hentry","category-gundem"],"_links":{"self":[{"href":"https:\/\/www.egemtv.com\/index.php?rest_route=\/wp\/v2\/posts\/11754","targetHints":{"allow":["GET"]}}],"collection":[{"href":"https:\/\/www.egemtv.com\/index.php?rest_route=\/wp\/v2\/posts"}],"about":[{"href":"https:\/\/www.egemtv.com\/index.php?rest_route=\/wp\/v2\/types\/post"}],"author":[{"embeddable":true,"href":"https:\/\/www.egemtv.com\/index.php?rest_route=\/wp\/v2\/users\/1"}],"replies":[{"embeddable":true,"href":"https:\/\/www.egemtv.com\/index.php?rest_route=%2Fwp%2Fv2%2Fcomments&post=11754"}],"version-history":[{"count":1,"href":"https:\/\/www.egemtv.com\/index.php?rest_route=\/wp\/v2\/posts\/11754\/revisions"}],"predecessor-version":[{"id":11756,"href":"https:\/\/www.egemtv.com\/index.php?rest_route=\/wp\/v2\/posts\/11754\/revisions\/11756"}],"wp:featuredmedia":[{"embeddable":true,"href":"https:\/\/www.egemtv.com\/index.php?rest_route=\/wp\/v2\/media\/11755"}],"wp:attachment":[{"href":"https:\/\/www.egemtv.com\/index.php?rest_route=%2Fwp%2Fv2%2Fmedia&parent=11754"}],"wp:term":[{"taxonomy":"category","embeddable":true,"href":"https:\/\/www.egemtv.com\/index.php?rest_route=%2Fwp%2Fv2%2Fcategories&post=11754"},{"taxonomy":"post_tag","embeddable":true,"href":"https:\/\/www.egemtv.com\/index.php?rest_route=%2Fwp%2Fv2%2Ftags&post=11754"}],"curies":[{"name":"wp","href":"https:\/\/api.w.org\/{rel}","templated":true}]}}