{"id":11751,"date":"2025-01-23T13:34:09","date_gmt":"2025-01-23T10:34:09","guid":{"rendered":"https:\/\/www.egemtv.com\/?p=11751"},"modified":"2025-01-23T13:34:12","modified_gmt":"2025-01-23T10:34:12","slug":"aydin-ticaret-borsasi-baskani-condur-aydin-cografi-isaretli-urunlerde-avrupada-lider","status":"publish","type":"post","link":"https:\/\/www.egemtv.com\/?p=11751","title":{"rendered":"Ayd\u0131n Ticaret Borsas\u0131 Ba\u015fkan\u0131 \u00c7ondur: &#8220;Ayd\u0131n, co\u011frafi i\u015faretli \u00fcr\u00fcnlerde Avrupa\u2019da lider&#8221;"},"content":{"rendered":"<p>Co\u011frafi i\u015faret alan \u2019Ayd\u0131n Enginar\u0131, Bozdo\u011fan Pidesi ve S\u00f6ke Peksimeti\u2019 i\u00e7in co\u011frafi i\u015faret belge takdim t\u00f6reninde konu\u015fan Ayd\u0131n Ticaret Borsas\u0131 Ba\u015fkan\u0131 \u00c7ondur, &#8220;Ayd\u0131n, Avrupa Birli\u011fi nezdinde en fazla co\u011frafi i\u015faretli \u00fcr\u00fcne sahip olan il olarak, uluslararas\u0131 alanda \u00fclkemizi ba\u015far\u0131yla temsil etmektedir. Borsam\u0131z ise men\u015fe ad\u0131 ile en \u00e7ok co\u011frafi i\u015faret tescili alan kurum s\u0131ralamas\u0131nda birinci s\u0131rada yer almaktad\u0131r&#8221; dedi.<\/p>\n<p>Ayd\u0131n Ticaret Borsas\u0131  co\u011frafi i\u015faret alm\u0131\u015f \u00fcr\u00fcnlerin markala\u015fmas\u0131 ve ulusal ile uluslararas\u0131 pazarda daha g\u00fc\u00e7l\u00fc bir konum elde etmesi i\u00e7in \u00f6nemli ad\u0131mlar atmaya devam ediyor. Bu kapsamda son olarak co\u011frafi i\u015faret alan \u2019Ayd\u0131n Enginar\u0131, Bozdo\u011fan Pidesi ve S\u00f6ke Peksimeti\u2019 i\u00e7in co\u011frafi i\u015faret belge takdim t\u00f6reni d\u00fczenlendi. Ayd\u0131n Ticaret Borsas\u0131 Toplant\u0131 Salonu\u2019nda sayg\u0131 duru\u015fu ve \u0130stiklal Mar\u015f\u0131\u2019n\u0131n okunmas\u0131 ile ba\u015flayan t\u00f6rende ilk olarak Se\u00e7ilen Co\u011frafi \u0130\u015faretlerin Markala\u015fmas\u0131 ve Ticarile\u015ftirilmesi Projesi Yol Haritas\u0131 &#8211; Faz 1 Toplant\u0131s\u0131 ve S\u0131nai M\u00fclkiyet E\u011fitim Semineri ger\u00e7ekle\u015ftirildi. Ard\u0131ndan marka tescil s\u00fcreci ve tescil sonras\u0131 i\u015flemler konusunda kat\u0131l\u0131mc\u0131lar bilgilendirildi.<\/p>\n<p>Toplant\u0131n\u0131n ikinci b\u00f6l\u00fcm\u00fcnde co\u011frafi i\u015faret tescili alm\u0131\u015f \u00fcr\u00fcnlerin ticarile\u015ftirilmesi ve markala\u015fmas\u0131 konusunda Ayd\u0131n Ticaret Borsas\u0131\u2019n\u0131n y\u00fcr\u00fctt\u00fc\u011f\u00fc \u00e7al\u0131\u015fmalar\u0131 kat\u0131l\u0131mc\u0131larla payla\u015fan Ayd\u0131n Ticaret Borsas\u0131 Y\u00f6netim Kurulu Ba\u015fkan\u0131 Fevzi \u00c7ondur, Ayd\u0131n\u2019\u0131n co\u011frafi i\u015faretli \u00fcr\u00fcnlerini tan\u0131tarak, bu \u00fcr\u00fcnlerin ulusal ve uluslararas\u0131 pazarda hak ettikleri konumda yer almas\u0131 i\u00e7in b\u00fcy\u00fck \u00e7aba g\u00f6sterdiklerini belirterek, &#8220;Bu kapsamda ger\u00e7ekle\u015ftirdi\u011fimiz \u00e7al\u0131\u015fmalar\u0131n en somut \u00f6rnekleri, T\u00fcrk Patent ve Marka Kurumu nezdinde tescil ettirdi\u011fimiz co\u011frafi i\u015faretli \u00fcr\u00fcnlerdir. Ayd\u0131n Kestanesi 30 Aral\u0131k 2013 tarihinde, Ayd\u0131n Memecik Zeytinya\u011f\u0131 17 Eyl\u00fcl 2020 tarihinde, Ayd\u0131n Yamalak Sar\u0131s\u0131 Zeytini 21 Nisan 2021 tarihinde, Ayd\u0131n Memecik Zeytini 7 May\u0131s 2021 tarihinde ve Ayd\u0131n \u00c7am F\u0131st\u0131\u011f\u0131 16 Temmuz 2021 tarihinde taraf\u0131m\u0131zca tescil ettirilerek koruma alt\u0131na al\u0131nm\u0131\u015ft\u0131r. Ulusalda yakalad\u0131\u011f\u0131m\u0131z bu ba\u015far\u0131y\u0131, uluslararas\u0131 alanda da daha geni\u015f bir \u00e7er\u00e7eveye ta\u015f\u0131mak ad\u0131na \u00f6nemli ad\u0131mlar atmaktay\u0131z. T\u00fcrk Patent ve Marka Kurumu nezdinde tescil edilen \u00fcr\u00fcnlerimizi ayn\u0131 zamanda Avrupa Birli\u011fi\u2019nde de tescilleyerek k\u00fcresel pazarda hak ettikleri yeri almalar\u0131n\u0131 sa\u011flamaktay\u0131z&#8221; dedi.<\/p>\n<p>Ayd\u0131n Ticaret Boras\u0131\u2019n\u0131n Ayd\u0131n Kestanesi\u2019ni 24 Eyl\u00fcl 2020 tarihinde T\u00fcrkiye\u2019nin 4. co\u011frafi i\u015faretli \u00fcr\u00fcn\u00fc olarak, Ayd\u0131n Memecik Zeytinya\u011f\u0131\u2019n\u0131 ise 5 \u015eubat 2024 tarihinde T\u00fcrkiye\u2019nin 20. co\u011frafi i\u015faretli \u00fcr\u00fcn\u00fc olarak Avrupa Birli\u011fi\u2019nde tescilledi\u011fini hat\u0131rlatan \u00c7ondur, &#8220;12 Kas\u0131m 2021 tarihinde Avrupa Birli\u011fi\u2019ne men\u015fe ad\u0131 korumas\u0131 ile ba\u015fvuruda bulundu\u011fumuz Ayd\u0131n Memecik Zeytini, ba\u015fvuru s\u00fcrecini ba\u015far\u0131yla tamamlayarak 15 Kas\u0131m 2024 tarihinde Avrupa Komisyonu Resmi Gazetesi\u2019nde ilan edilmi\u015ftir.  24 A\u011fustos 2023 tarihinde Avrupa Birli\u011fi\u2019ne ba\u015fvuruda bulunulan Ayd\u0131n \u00c7am F\u0131st\u0131\u011f\u0131\u2019n\u0131n ise en k\u0131sa s\u00fcrede ilan edilmesi beklenmektedir. Bu ba\u015far\u0131lar, sadece ilimiz i\u00e7in de\u011fil, \u00fclkemiz ad\u0131na da \u00f6nemli bir kazan\u00e7t\u0131r. Ayd\u0131n ili, Avrupa Birli\u011fi nezdinde en fazla co\u011frafi i\u015faretli \u00fcr\u00fcne sahip olan il olarak, uluslararas\u0131 alanda \u00fclkemizi ba\u015far\u0131yla temsil etmektedir. Borsam\u0131z ise men\u015fe ad\u0131 ile en \u00e7ok co\u011frafi i\u015faret tescili alan kurum s\u0131ralamas\u0131nda birinci s\u0131rada yer almaktad\u0131r&#8221; diye konu\u015ftu.<\/p>\n<p>Ayd\u0131n Enginar\u0131\u2019n\u0131n 10 Ocak 2025 tarihinde T\u00fcrk Patent ve Marka Kurumu taraf\u0131ndan tescil edildi\u011fini ve Avrupa Birli\u011fi tescil s\u00fcrecinin ba\u015flad\u0131\u011f\u0131n\u0131 duyuran \u00c7ondur, &#8220;Bu s\u00fcrecin ba\u015far\u0131l\u0131 \u015fekilde tamamlanmas\u0131yla birlikte Ayd\u0131n\u2019\u0131n co\u011frafi i\u015faretli \u00fcr\u00fcn say\u0131s\u0131n\u0131 6\u2019ya y\u00fckselterek ilimizin uluslararas\u0131 pazarda daha g\u00fc\u00e7l\u00fc bir konuma ula\u015fmas\u0131na katk\u0131 sa\u011fl\u0131yoruz. \u0130limizin tar\u0131msal \u00fcr\u00fcnlerinin tescillenmesiyle birlikte, amblem kullan\u0131c\u0131 say\u0131s\u0131n\u0131n art\u0131r\u0131lmas\u0131na da \u00f6nem veren borsam\u0131z, ilimizdeki kurum yetkilileriyle birlikte co\u011frafi i\u015faret denetimlerini ger\u00e7ekle\u015ftirmektedir. Bu do\u011frultuda 2024 y\u0131l\u0131nda toplam 41 firman\u0131n co\u011frafi i\u015faret amblemi kulland\u0131\u011f\u0131n\u0131 ifade etmek isterim&#8221; ifadelerini kulland\u0131.<\/p>\n<p>2024 y\u0131l\u0131nda D\u00fcnya Fikri M\u00fclkiyet \u00d6rg\u00fct\u00fc-WIPO ve T\u00fcrk Patent ve Marka Kurumu i\u015f birli\u011finde, Ayd\u0131n Ticaret Borsas\u0131\u2019n\u0131n co\u011frafi i\u015faret tescil sahibi oldu\u011fu Ayd\u0131n Memecik Zeytinya\u011f\u0131\u2019n\u0131n da i\u00e7inde bulundu\u011fu 4 \u00fcr\u00fcn belirlendi\u011fini belirten \u00c7ondur, &#8220;Co\u011frafi i\u015faretli \u00fcr\u00fcnlerin markala\u015ft\u0131r\u0131lmas\u0131 ve ticarile\u015ftirilmesi \u00f6nceliklerinin dikkate al\u0131nd\u0131\u011f\u0131 bir proje hedeflenmi\u015f olup bu projede borsam\u0131z taraf\u0131ndan Avrupa Birli\u011fi tescili al\u0131nan ayd\u0131n memecik zeytinya\u011f\u0131n\u0131n pilot \u00fcr\u00fcn olarak se\u00e7ilmi\u015ftir. Proje kapsam\u0131nda, Ayd\u0131n Memecik Zeytinya\u011f\u0131 co\u011frafi i\u015faretli \u00fcr\u00fcn \u00fcreticileri, t\u00fcketiciler ve ilgili t\u00fcm payda\u015flar bir araya gelerek, ayd\u0131n memecik zeytinya\u011f\u0131 co\u011frafi i\u015fareti i\u00e7in fark\u0131ndal\u0131k olu\u015fturacak ve markala\u015fma s\u00fcrecinde i\u015f birli\u011fi yapacakt\u0131r. Bu proje, \u00fclkemiz ekonomisine katk\u0131 sa\u011flaman\u0131n yan\u0131 s\u0131ra, tescilli co\u011frafi i\u015faretli \u00fcr\u00fcnlerin de\u011ferini art\u0131rarak bilinirli\u011fini y\u00fckseltecek, ulusal ve uluslararas\u0131 pazardaki konumunu g\u00fc\u00e7lendirecektir&#8221; diye konu\u015ftu.<\/p>\n<p>T\u00fcrk Patent ve Marka Kurumu Ba\u015fkan\u0131 Prof. Dr. M. Zeki Durak\u2019\u0131n konu\u015fmas\u0131n\u0131n ard\u0131ndan \u2019Ayd\u0131n Enginar\u0131, Bozdo\u011fan Pidesi ve S\u00f6ke Peksimeti\u2019 i\u00e7in co\u011frafi i\u015faret belgeleri takdim etti.<br \/><\/p>\n","protected":false},"excerpt":{"rendered":"<p>Co\u011frafi i\u015faret alan \u2019Ayd\u0131n Enginar\u0131, Bozdo\u011fan Pidesi ve S\u00f6ke Peksimeti\u2019 i\u00e7in co\u011frafi i\u015faret belge takdim t\u00f6reninde konu\u015fan Ayd\u0131n Ticaret Borsas\u0131 Ba\u015fkan\u0131 \u00c7ondur, &#8220;Ayd\u0131n, Avrupa Birli\u011fi nezdinde en fazla co\u011frafi i\u015faretli \u00fcr\u00fcne sahip olan il olarak, uluslararas\u0131 alanda \u00fclkemizi ba\u015far\u0131yla temsil etmektedir. Borsam\u0131z ise men\u015fe ad\u0131 ile en \u00e7ok co\u011frafi i\u015faret tescili alan kurum s\u0131ralamas\u0131nda birinci&#8230;<\/p>\n","protected":false},"author":1,"featured_media":11752,"comment_status":"open","ping_status":"open","sticky":false,"template":"","format":"standard","meta":{"_crdt_document":"","footnotes":""},"categories":[1],"tags":[],"class_list":["post-11751","post","type-post","status-publish","format-standard","has-post-thumbnail","hentry","category-guncel"],"_links":{"self":[{"href":"https:\/\/www.egemtv.com\/index.php?rest_route=\/wp\/v2\/posts\/11751","targetHints":{"allow":["GET"]}}],"collection":[{"href":"https:\/\/www.egemtv.com\/index.php?rest_route=\/wp\/v2\/posts"}],"about":[{"href":"https:\/\/www.egemtv.com\/index.php?rest_route=\/wp\/v2\/types\/post"}],"author":[{"embeddable":true,"href":"https:\/\/www.egemtv.com\/index.php?rest_route=\/wp\/v2\/users\/1"}],"replies":[{"embeddable":true,"href":"https:\/\/www.egemtv.com\/index.php?rest_route=%2Fwp%2Fv2%2Fcomments&post=11751"}],"version-history":[{"count":1,"href":"https:\/\/www.egemtv.com\/index.php?rest_route=\/wp\/v2\/posts\/11751\/revisions"}],"predecessor-version":[{"id":11753,"href":"https:\/\/www.egemtv.com\/index.php?rest_route=\/wp\/v2\/posts\/11751\/revisions\/11753"}],"wp:featuredmedia":[{"embeddable":true,"href":"https:\/\/www.egemtv.com\/index.php?rest_route=\/wp\/v2\/media\/11752"}],"wp:attachment":[{"href":"https:\/\/www.egemtv.com\/index.php?rest_route=%2Fwp%2Fv2%2Fmedia&parent=11751"}],"wp:term":[{"taxonomy":"category","embeddable":true,"href":"https:\/\/www.egemtv.com\/index.php?rest_route=%2Fwp%2Fv2%2Fcategories&post=11751"},{"taxonomy":"post_tag","embeddable":true,"href":"https:\/\/www.egemtv.com\/index.php?rest_route=%2Fwp%2Fv2%2Ftags&post=11751"}],"curies":[{"name":"wp","href":"https:\/\/api.w.org\/{rel}","templated":true}]}}