{"id":11745,"date":"2025-01-23T12:52:09","date_gmt":"2025-01-23T09:52:09","guid":{"rendered":"https:\/\/www.egemtv.com\/?p=11745"},"modified":"2025-01-23T12:52:11","modified_gmt":"2025-01-23T09:52:11","slug":"saglik-bakanligi-denizli-umkeye-yeni-arac-tahsis-etti","status":"publish","type":"post","link":"https:\/\/www.egemtv.com\/?p=11745","title":{"rendered":"Sa\u011fl\u0131k Bakanl\u0131\u011f\u0131, Denizli UMKE\u2019ye yeni ara\u00e7 tahsis etti"},"content":{"rendered":"<p>Sa\u011fl\u0131k Bakanl\u0131\u011f\u0131 taraf\u0131ndan Denizli\u2019de ola\u011fand\u0131\u015f\u0131 durumlarda Ulusal Medikal Kurtarma Ekibi Birimi (UMKE) ekiplerinin olay yerine en k\u0131sa s\u00fcrede ula\u015fmas\u0131n\u0131 sa\u011flamak amac\u0131yla 1 adet Personel Ta\u015f\u0131ma Arac\u0131 tahsis edildi.<\/p>\n<p>Sa\u011fl\u0131k Bakanl\u0131\u011f\u0131 taraf\u0131ndan Denizli UMKE ekibinin olaylara daha h\u0131zl\u0131 ula\u015fmalar\u0131, daha kapsaml\u0131 medikal kurtarma ve acil sa\u011fl\u0131k hizmeti sa\u011flanmas\u0131 amac\u0131yla 1 personel ta\u015f\u0131ma arac\u0131 tahsis edildi. Yeni kat\u0131lan personel ta\u015f\u0131ma arac\u0131yla birlikte Denizli UMKE\u2019nin acil durumlarda kullanaca\u011f\u0131 ara\u00e7 say\u0131s\u0131 8 adet oldu.<\/p>\n<p>UMKE Acil Sa\u011fl\u0131k Hizmetleri \u0130stasyonunu ziyaret eden Denizli \u0130l Sa\u011fl\u0131k M\u00fcd\u00fcr\u00fc Uz. Dr. Berna \u00d6zt\u00fcrk, yeni tahsis edilen ara\u00e7la birlikte UMKE biriminin toplam ara\u00e7 say\u0131s\u0131n\u0131n 8\u2019e y\u00fckseldi\u011fini s\u00f6yledi. \u00d6zt\u00fcrk; \u201c\u0130limizde tam bir y\u0131l \u00f6nce 13 Nolu (UMKE) Acil Sa\u011fl\u0131k Hizmetleri \u0130stasyonunu hizmete a\u00e7m\u0131\u015ft\u0131k. Bu istasyonumuzda; \u0130limizde bir afet ve acil durumlarda, k\u0131rsalda, ula\u015f\u0131m\u0131 zor alanlarda gerekli durumlarda h\u0131zl\u0131 ve etkin \u015fekilde hareket alabilecek ve m\u00fcdahalede bulunacak UMKE personellerimiz 24 saat g\u00f6rev almaktad\u0131r. Buras\u0131 normal zamanda da Merkezde ikinci bir istasyon olarak hizmet vermektedir. 20. B\u00f6lge Koordinat\u00f6rl\u00fc\u011f\u00fc g\u00f6revini y\u00fcr\u00fcten ilimizle birlikte Ayd\u0131n, Mu\u011fla ve U\u015fak illerinin UMKE (Ulusal Medikal Kurtarma Ekipleri) sorumlulu\u011funu y\u00fcr\u00fctmekteyiz. \u0130limiz UMKE ekiplerinde; 13\u2019\u00fc hekim olmak \u00fczere toplam 190 g\u00f6n\u00fcll\u00fc UMKE personelimiz bulunmaktad\u0131r. \u0130limizde 4 adet 4&#215;4 arazi arac\u0131 \u00f6zelli\u011finde Medikal Kurtarma Arac\u0131, 1 adet Acil M\u00fcdahale \u00dcnitesi Arac\u0131, 1 adet Lojistik Arac\u0131 ve yeni arac\u0131m\u0131zla birlikte 2 adet UMKE Personeli Nakil Arac\u0131 olmak \u00fczere toplam 8 adet UMKE ara\u00e7lar\u0131m\u0131z ekipman ve donan\u0131mlar\u0131yla g\u00f6revlere haz\u0131r \u015fekilde tutulmaktad\u0131r. Bu UMKE ara\u00e7lar\u0131m\u0131z, herhangi bir bir afet durumunda ilimiz ve b\u00f6lgemizde \u00e7ok k\u0131sa s\u00fcrede acil servisi olu\u015fturacak ekipman\u0131 i\u00e7erisinde bar\u0131nd\u0131rmaktad\u0131r. Son olarak \u0130l Sa\u011fl\u0131k M\u00fcd\u00fcrl\u00fc\u011f\u00fcm\u00fcz\u00fcn afete m\u00fcdahale kapasitesinin artt\u0131r\u0131lmas\u0131 ve UMKE personellerimizin olay yerine k\u0131sa s\u00fcrede ula\u015fmas\u0131n\u0131 sa\u011flayarak medikal kurtarma ve acil sa\u011fl\u0131k hizmetlerinin sunumunun ba\u015flat\u0131lmas\u0131 amac\u0131yla Bakanl\u0131\u011f\u0131m\u0131z Acil Sa\u011fl\u0131k Hizmetleri Genel M\u00fcd\u00fcrl\u00fc\u011f\u00fc taraf\u0131ndan ilimize bir adet personel ta\u015f\u0131ma arac\u0131 tahsis edildi. UMKE Arac\u0131n\u0131n ilimize tahsis edilmesi hususunda Say\u0131n Sa\u011fl\u0131k Bakan\u0131m\u0131za, Acil Sa\u011fl\u0131k Hizmetleri Genel M\u00fcd\u00fcr\u00fcm\u00fcze ve t\u00fcm eme\u011fi ge\u00e7enlere te\u015fekk\u00fcr eder, arac\u0131m\u0131z\u0131n \u0130limize hay\u0131rl\u0131 olmas\u0131n\u0131 dilerim. Yine herhangi bir afet ve acil durumlarda medikal kurtarma ve acil sa\u011fl\u0131k hizmeti sunumunda b\u00fcy\u00fck eme\u011fi olan ve hayatlar\u0131n\u0131 can kurtarmaya adam\u0131\u015f sa\u011fl\u0131k \u00e7al\u0131\u015fanlar\u0131m\u0131za \u00e7ok te\u015fekk\u00fcr ediyorum\u201d diye konu\u015ftu.<br \/><\/p>\n","protected":false},"excerpt":{"rendered":"<p>Sa\u011fl\u0131k Bakanl\u0131\u011f\u0131 taraf\u0131ndan Denizli\u2019de ola\u011fand\u0131\u015f\u0131 durumlarda Ulusal Medikal Kurtarma Ekibi Birimi (UMKE) ekiplerinin olay yerine en k\u0131sa s\u00fcrede ula\u015fmas\u0131n\u0131 sa\u011flamak amac\u0131yla 1 adet Personel Ta\u015f\u0131ma Arac\u0131 tahsis edildi. Sa\u011fl\u0131k Bakanl\u0131\u011f\u0131 taraf\u0131ndan Denizli UMKE ekibinin olaylara daha h\u0131zl\u0131 ula\u015fmalar\u0131, daha kapsaml\u0131 medikal kurtarma ve acil sa\u011fl\u0131k hizmeti sa\u011flanmas\u0131 amac\u0131yla 1 personel ta\u015f\u0131ma arac\u0131 tahsis edildi. Yeni&#8230;<\/p>\n","protected":false},"author":1,"featured_media":11746,"comment_status":"open","ping_status":"open","sticky":false,"template":"","format":"standard","meta":{"_crdt_document":"","footnotes":""},"categories":[2],"tags":[],"class_list":["post-11745","post","type-post","status-publish","format-standard","has-post-thumbnail","hentry","category-saglik"],"_links":{"self":[{"href":"https:\/\/www.egemtv.com\/index.php?rest_route=\/wp\/v2\/posts\/11745","targetHints":{"allow":["GET"]}}],"collection":[{"href":"https:\/\/www.egemtv.com\/index.php?rest_route=\/wp\/v2\/posts"}],"about":[{"href":"https:\/\/www.egemtv.com\/index.php?rest_route=\/wp\/v2\/types\/post"}],"author":[{"embeddable":true,"href":"https:\/\/www.egemtv.com\/index.php?rest_route=\/wp\/v2\/users\/1"}],"replies":[{"embeddable":true,"href":"https:\/\/www.egemtv.com\/index.php?rest_route=%2Fwp%2Fv2%2Fcomments&post=11745"}],"version-history":[{"count":1,"href":"https:\/\/www.egemtv.com\/index.php?rest_route=\/wp\/v2\/posts\/11745\/revisions"}],"predecessor-version":[{"id":11747,"href":"https:\/\/www.egemtv.com\/index.php?rest_route=\/wp\/v2\/posts\/11745\/revisions\/11747"}],"wp:featuredmedia":[{"embeddable":true,"href":"https:\/\/www.egemtv.com\/index.php?rest_route=\/wp\/v2\/media\/11746"}],"wp:attachment":[{"href":"https:\/\/www.egemtv.com\/index.php?rest_route=%2Fwp%2Fv2%2Fmedia&parent=11745"}],"wp:term":[{"taxonomy":"category","embeddable":true,"href":"https:\/\/www.egemtv.com\/index.php?rest_route=%2Fwp%2Fv2%2Fcategories&post=11745"},{"taxonomy":"post_tag","embeddable":true,"href":"https:\/\/www.egemtv.com\/index.php?rest_route=%2Fwp%2Fv2%2Ftags&post=11745"}],"curies":[{"name":"wp","href":"https:\/\/api.w.org\/{rel}","templated":true}]}}