{"id":11742,"date":"2025-01-23T12:52:05","date_gmt":"2025-01-23T09:52:05","guid":{"rendered":"https:\/\/www.egemtv.com\/?p=11742"},"modified":"2025-01-23T12:52:08","modified_gmt":"2025-01-23T09:52:08","slug":"nazilli-belediyesi-ekipleri-dallicada-temizlik-calismasi-gerceklestirdi","status":"publish","type":"post","link":"https:\/\/www.egemtv.com\/?p=11742","title":{"rendered":"Nazilli Belediyesi ekipleri Dall\u0131ca\u2019da temizlik \u00e7al\u0131\u015fmas\u0131 ger\u00e7ekle\u015ftirdi"},"content":{"rendered":"<p>Nazilli Belediyesi, temizlik \u00e7al\u0131\u015fmalar\u0131na h\u0131z kesmeden devam ediyor. Temizlik \u0130\u015fleri M\u00fcd\u00fcrl\u00fc\u011f\u00fc ekipleri, ba\u015flatt\u0131klar\u0131 seferberli\u011fin 23. g\u00fcn\u00fcnde Dall\u0131ca Mahallesi\u2019ni ba\u015ftan sona temizledi. Temizlik \u00e7al\u0131\u015fmas\u0131 mahalle sakinlerinden de tam not ald\u0131.<br \/>\n<br \/>\u00c7al\u0131\u015fmalarla ilgili a\u00e7\u0131klama yapan Dall\u0131ca Mahalle Muhtar\u0131 Murat Halal; \u201cNazilli Belediyemizin Dall\u0131ca Mahallemizde yapt\u0131\u011f\u0131 geni\u015f, kapsaml\u0131 temizlikten dolay\u0131 buradan mahallem ad\u0131na Nazilli Belediye Ba\u015fkan\u0131m\u0131z Ertu\u011frul Tetik\u2019e ve t\u00fcm ekibine te\u015fekk\u00fcr ediyorum&#8221; dedi.<br \/>\n<br \/>\u00c7evreye duyarl\u0131 bir yakla\u015f\u0131mla yol ve temizlik faaliyetlerine yo\u011funla\u015ft\u0131klar\u0131n\u0131 ifade eden Belediye Ba\u015fkan\u0131 Tetik, 82 mahallenin tamam\u0131na hizmet ula\u015ft\u0131rmak i\u00e7in belediyenin t\u00fcm birimleri ile koordineli bir \u015fekilde \u00e7al\u0131\u015ft\u0131klar\u0131n\u0131 dile getirdi.<br \/><\/p>\n","protected":false},"excerpt":{"rendered":"<p>Nazilli Belediyesi, temizlik \u00e7al\u0131\u015fmalar\u0131na h\u0131z kesmeden devam ediyor. Temizlik \u0130\u015fleri M\u00fcd\u00fcrl\u00fc\u011f\u00fc ekipleri, ba\u015flatt\u0131klar\u0131 seferberli\u011fin 23. g\u00fcn\u00fcnde Dall\u0131ca Mahallesi\u2019ni ba\u015ftan sona temizledi. Temizlik \u00e7al\u0131\u015fmas\u0131 mahalle sakinlerinden de tam not ald\u0131. \u00c7al\u0131\u015fmalarla ilgili a\u00e7\u0131klama yapan Dall\u0131ca Mahalle Muhtar\u0131 Murat Halal; \u201cNazilli Belediyemizin Dall\u0131ca Mahallemizde yapt\u0131\u011f\u0131 geni\u015f, kapsaml\u0131 temizlikten dolay\u0131 buradan mahallem ad\u0131na Nazilli Belediye Ba\u015fkan\u0131m\u0131z Ertu\u011frul Tetik\u2019e&#8230;<\/p>\n","protected":false},"author":1,"featured_media":11743,"comment_status":"open","ping_status":"open","sticky":false,"template":"","format":"standard","meta":{"_crdt_document":"","footnotes":""},"categories":[1],"tags":[],"class_list":["post-11742","post","type-post","status-publish","format-standard","has-post-thumbnail","hentry","category-guncel"],"_links":{"self":[{"href":"https:\/\/www.egemtv.com\/index.php?rest_route=\/wp\/v2\/posts\/11742","targetHints":{"allow":["GET"]}}],"collection":[{"href":"https:\/\/www.egemtv.com\/index.php?rest_route=\/wp\/v2\/posts"}],"about":[{"href":"https:\/\/www.egemtv.com\/index.php?rest_route=\/wp\/v2\/types\/post"}],"author":[{"embeddable":true,"href":"https:\/\/www.egemtv.com\/index.php?rest_route=\/wp\/v2\/users\/1"}],"replies":[{"embeddable":true,"href":"https:\/\/www.egemtv.com\/index.php?rest_route=%2Fwp%2Fv2%2Fcomments&post=11742"}],"version-history":[{"count":1,"href":"https:\/\/www.egemtv.com\/index.php?rest_route=\/wp\/v2\/posts\/11742\/revisions"}],"predecessor-version":[{"id":11744,"href":"https:\/\/www.egemtv.com\/index.php?rest_route=\/wp\/v2\/posts\/11742\/revisions\/11744"}],"wp:featuredmedia":[{"embeddable":true,"href":"https:\/\/www.egemtv.com\/index.php?rest_route=\/wp\/v2\/media\/11743"}],"wp:attachment":[{"href":"https:\/\/www.egemtv.com\/index.php?rest_route=%2Fwp%2Fv2%2Fmedia&parent=11742"}],"wp:term":[{"taxonomy":"category","embeddable":true,"href":"https:\/\/www.egemtv.com\/index.php?rest_route=%2Fwp%2Fv2%2Fcategories&post=11742"},{"taxonomy":"post_tag","embeddable":true,"href":"https:\/\/www.egemtv.com\/index.php?rest_route=%2Fwp%2Fv2%2Ftags&post=11742"}],"curies":[{"name":"wp","href":"https:\/\/api.w.org\/{rel}","templated":true}]}}