{"id":11730,"date":"2025-01-23T12:43:31","date_gmt":"2025-01-23T09:43:31","guid":{"rendered":"https:\/\/www.egemtv.com\/?p=11730"},"modified":"2025-01-23T12:43:34","modified_gmt":"2025-01-23T09:43:34","slug":"takla-atan-otomobilde-5-kisi-yaralandi","status":"publish","type":"post","link":"https:\/\/www.egemtv.com\/?p=11730","title":{"rendered":"Takla atan otomobilde 5 ki\u015fi yaraland\u0131"},"content":{"rendered":"<p>Afyonkarahisar\u2019da s\u00fcr\u00fcc\u00fcs\u00fcn direksiyon hakimiyetini kaybetmesi sonucu kontrolden \u00e7\u0131karak takla atan otomobilde 5 ki\u015fi yaraland\u0131.<br \/>\n<br \/>Kaza, Ak\u00e7in mahallesi, Mare\u015fal Fevzi \u00c7akmak Bulvar\u0131\u2019nda meydana geldi. Edinilen bilgilere g\u00f6re, 03ZC937 plakal\u0131 s\u00fcr\u00fcc\u00fc D.\u015e\u2019nin idaresindeki ara\u00e7 direksiyon hakimiyetini kaybederek kontrolden \u00e7\u0131kt\u0131. Savrulan ara\u00e7 yan yatarak dururken ara\u00e7 \u015fof\u00f6r\u00fc ile birlikte ara\u00e7taki 5 ki\u015fi yaraland\u0131. B\u00f6lgeye polis ve sa\u011fl\u0131k ekipleri sevk edilirken yaralanan ki\u015filer ekiplerce Devlet Hastanesine g\u00f6t\u00fcr\u00fcld\u00fc.<br \/>\n<br \/>Polis kaza ile ilgili \u00e7al\u0131\u015fma ba\u015flatt\u0131.<br \/><\/p>\n","protected":false},"excerpt":{"rendered":"<p>Afyonkarahisar\u2019da s\u00fcr\u00fcc\u00fcs\u00fcn direksiyon hakimiyetini kaybetmesi sonucu kontrolden \u00e7\u0131karak takla atan otomobilde 5 ki\u015fi yaraland\u0131. Kaza, Ak\u00e7in mahallesi, Mare\u015fal Fevzi \u00c7akmak Bulvar\u0131\u2019nda meydana geldi. Edinilen bilgilere g\u00f6re, 03ZC937 plakal\u0131 s\u00fcr\u00fcc\u00fc D.\u015e\u2019nin idaresindeki ara\u00e7 direksiyon hakimiyetini kaybederek kontrolden \u00e7\u0131kt\u0131. Savrulan ara\u00e7 yan yatarak dururken ara\u00e7 \u015fof\u00f6r\u00fc ile birlikte ara\u00e7taki 5 ki\u015fi yaraland\u0131. B\u00f6lgeye polis ve sa\u011fl\u0131k ekipleri&#8230;<\/p>\n","protected":false},"author":1,"featured_media":11731,"comment_status":"open","ping_status":"open","sticky":false,"template":"","format":"standard","meta":{"_crdt_document":"","footnotes":""},"categories":[5],"tags":[],"class_list":["post-11730","post","type-post","status-publish","format-standard","has-post-thumbnail","hentry","category-asayis"],"_links":{"self":[{"href":"https:\/\/www.egemtv.com\/index.php?rest_route=\/wp\/v2\/posts\/11730","targetHints":{"allow":["GET"]}}],"collection":[{"href":"https:\/\/www.egemtv.com\/index.php?rest_route=\/wp\/v2\/posts"}],"about":[{"href":"https:\/\/www.egemtv.com\/index.php?rest_route=\/wp\/v2\/types\/post"}],"author":[{"embeddable":true,"href":"https:\/\/www.egemtv.com\/index.php?rest_route=\/wp\/v2\/users\/1"}],"replies":[{"embeddable":true,"href":"https:\/\/www.egemtv.com\/index.php?rest_route=%2Fwp%2Fv2%2Fcomments&post=11730"}],"version-history":[{"count":1,"href":"https:\/\/www.egemtv.com\/index.php?rest_route=\/wp\/v2\/posts\/11730\/revisions"}],"predecessor-version":[{"id":11732,"href":"https:\/\/www.egemtv.com\/index.php?rest_route=\/wp\/v2\/posts\/11730\/revisions\/11732"}],"wp:featuredmedia":[{"embeddable":true,"href":"https:\/\/www.egemtv.com\/index.php?rest_route=\/wp\/v2\/media\/11731"}],"wp:attachment":[{"href":"https:\/\/www.egemtv.com\/index.php?rest_route=%2Fwp%2Fv2%2Fmedia&parent=11730"}],"wp:term":[{"taxonomy":"category","embeddable":true,"href":"https:\/\/www.egemtv.com\/index.php?rest_route=%2Fwp%2Fv2%2Fcategories&post=11730"},{"taxonomy":"post_tag","embeddable":true,"href":"https:\/\/www.egemtv.com\/index.php?rest_route=%2Fwp%2Fv2%2Ftags&post=11730"}],"curies":[{"name":"wp","href":"https:\/\/api.w.org\/{rel}","templated":true}]}}