{"id":11724,"date":"2025-01-23T12:34:45","date_gmt":"2025-01-23T09:34:45","guid":{"rendered":"https:\/\/www.egemtv.com\/?p=11724"},"modified":"2025-01-23T12:34:48","modified_gmt":"2025-01-23T09:34:48","slug":"nazilli-belediyesi-carsi-esnafina-cop-poseti-dagitti","status":"publish","type":"post","link":"https:\/\/www.egemtv.com\/?p=11724","title":{"rendered":"Nazilli Belediyesi \u00e7ar\u015f\u0131 esnaf\u0131na \u00e7\u00f6p po\u015feti da\u011f\u0131tt\u0131"},"content":{"rendered":"<p>Nazilli Belediyesi Zab\u0131ta M\u00fcd\u00fcrl\u00fc\u011f\u00fc ekipleri, \u00e7ar\u015f\u0131 b\u00f6lgesindeki manavlara \u00e7\u00f6p po\u015feti da\u011f\u0131tarak \u00e7evre temizli\u011fi konusunda fark\u0131ndal\u0131k olu\u015fturmaya devam ediyor.<\/p>\n<p>Da\u011f\u0131t\u0131m s\u0131ras\u0131nda esnafa \u00e7evre temizli\u011fi ve at\u0131klar\u0131n do\u011fru \u015fekilde bertaraf edilmesi konular\u0131nda bilgilendirme yapan ekipler, \u00f6zellikle \u00e7ar\u015f\u0131 gibi yo\u011fun insan trafi\u011finin oldu\u011fu b\u00f6lgelerde temizlik kurallar\u0131na daha fazla \u00f6zen g\u00f6sterilmesi gerekti\u011fine de ayr\u0131ca dikkat \u00e7ekti.<\/p>\n<p>\u00c7\u00f6p po\u015feti da\u011f\u0131t\u0131m\u0131yla \u00e7ar\u015f\u0131 b\u00f6lgesinde olu\u015fabilecek g\u00f6r\u00fcnt\u00fc kirlili\u011finin \u00f6nlenmesi hedefleyen zab\u0131ta ekipleri, \u00e7evre temizli\u011fi ve d\u00fczenin sa\u011flanmas\u0131 ad\u0131na bu t\u00fcr \u00e7al\u0131\u015fmalar\u0131n s\u00fcrece\u011fini vurgulad\u0131.<br \/><\/p>\n","protected":false},"excerpt":{"rendered":"<p>Nazilli Belediyesi Zab\u0131ta M\u00fcd\u00fcrl\u00fc\u011f\u00fc ekipleri, \u00e7ar\u015f\u0131 b\u00f6lgesindeki manavlara \u00e7\u00f6p po\u015feti da\u011f\u0131tarak \u00e7evre temizli\u011fi konusunda fark\u0131ndal\u0131k olu\u015fturmaya devam ediyor. Da\u011f\u0131t\u0131m s\u0131ras\u0131nda esnafa \u00e7evre temizli\u011fi ve at\u0131klar\u0131n do\u011fru \u015fekilde bertaraf edilmesi konular\u0131nda bilgilendirme yapan ekipler, \u00f6zellikle \u00e7ar\u015f\u0131 gibi yo\u011fun insan trafi\u011finin oldu\u011fu b\u00f6lgelerde temizlik kurallar\u0131na daha fazla \u00f6zen g\u00f6sterilmesi gerekti\u011fine de ayr\u0131ca dikkat \u00e7ekti. \u00c7\u00f6p po\u015feti da\u011f\u0131t\u0131m\u0131yla&#8230;<\/p>\n","protected":false},"author":1,"featured_media":11725,"comment_status":"open","ping_status":"open","sticky":false,"template":"","format":"standard","meta":{"_crdt_document":"","footnotes":""},"categories":[1],"tags":[],"class_list":["post-11724","post","type-post","status-publish","format-standard","has-post-thumbnail","hentry","category-guncel"],"_links":{"self":[{"href":"https:\/\/www.egemtv.com\/index.php?rest_route=\/wp\/v2\/posts\/11724","targetHints":{"allow":["GET"]}}],"collection":[{"href":"https:\/\/www.egemtv.com\/index.php?rest_route=\/wp\/v2\/posts"}],"about":[{"href":"https:\/\/www.egemtv.com\/index.php?rest_route=\/wp\/v2\/types\/post"}],"author":[{"embeddable":true,"href":"https:\/\/www.egemtv.com\/index.php?rest_route=\/wp\/v2\/users\/1"}],"replies":[{"embeddable":true,"href":"https:\/\/www.egemtv.com\/index.php?rest_route=%2Fwp%2Fv2%2Fcomments&post=11724"}],"version-history":[{"count":1,"href":"https:\/\/www.egemtv.com\/index.php?rest_route=\/wp\/v2\/posts\/11724\/revisions"}],"predecessor-version":[{"id":11726,"href":"https:\/\/www.egemtv.com\/index.php?rest_route=\/wp\/v2\/posts\/11724\/revisions\/11726"}],"wp:featuredmedia":[{"embeddable":true,"href":"https:\/\/www.egemtv.com\/index.php?rest_route=\/wp\/v2\/media\/11725"}],"wp:attachment":[{"href":"https:\/\/www.egemtv.com\/index.php?rest_route=%2Fwp%2Fv2%2Fmedia&parent=11724"}],"wp:term":[{"taxonomy":"category","embeddable":true,"href":"https:\/\/www.egemtv.com\/index.php?rest_route=%2Fwp%2Fv2%2Fcategories&post=11724"},{"taxonomy":"post_tag","embeddable":true,"href":"https:\/\/www.egemtv.com\/index.php?rest_route=%2Fwp%2Fv2%2Ftags&post=11724"}],"curies":[{"name":"wp","href":"https:\/\/api.w.org\/{rel}","templated":true}]}}