{"id":11721,"date":"2025-01-23T12:30:54","date_gmt":"2025-01-23T09:30:54","guid":{"rendered":"https:\/\/www.egemtv.com\/?p=11721"},"modified":"2025-01-23T12:30:56","modified_gmt":"2025-01-23T09:30:56","slug":"zeytin-toplamaya-giden-kadinin-aci-haberi-kosku-yasa-bogdu","status":"publish","type":"post","link":"https:\/\/www.egemtv.com\/?p=11721","title":{"rendered":"Zeytin toplamaya giden kad\u0131n\u0131n ac\u0131 haberi K\u00f6\u015fk\u2019\u00fc yasa bo\u011fdu"},"content":{"rendered":"<p>Ayd\u0131n\u2019\u0131n K\u00f6\u015fk il\u00e7esine ba\u011fl\u0131 k\u0131rsal Ak\u00e7ak\u00f6y mahallesinden Mu\u011fla\u2019n\u0131n Milas il\u00e7esine ba\u011fl\u0131 G\u00fcr\u00e7amlar K\u00f6y\u00fc\u2019ne zeytine giden 28 ya\u015f\u0131ndaki Esra Solak, bah\u00e7ede \u00f6l\u00fc bulundu. 2 \u00e7ocuk annesi kad\u0131n\u0131n \u00f6l\u00fcm\u00fc K\u00f6\u015fk il\u00e7esini yasa bo\u011farken, Cumhuriyet Savc\u0131l\u0131\u011f\u0131 gen\u00e7 kad\u0131n\u0131n \u00f6l\u00fcm\u00fc ile ilgili soru\u015fturma ba\u015flatt\u0131.<br \/>\n<br \/>Edinilen bilgiye g\u00f6re, bir ka\u00e7 y\u0131ld\u0131r zeytin sezonunda Ayd\u0131n\u2019\u0131n K\u00f6\u015fk il\u00e7esinden Milas\u2019\u0131n G\u00fcr\u00e7amlar K\u00f6y\u00fc\u2019ne zeytine giden aile sabah saatlerinde hayatlar\u0131n\u0131n en ac\u0131 olay\u0131n\u0131 ya\u015fad\u0131. Bir s\u00fcredir ayn\u0131 bah\u00e7ede zeytin hasad\u0131 yapan aile fertleri sabah kalkt\u0131klar\u0131nda Esra Solak\u2019\u0131 yata\u011f\u0131nda g\u00f6rmeyince bir anda panik ya\u015fad\u0131lar.<br \/>\n<br \/>Aile fertleri yapt\u0131klar\u0131 aramada 2 \u00e7ocuk annesi kad\u0131n\u0131n cans\u0131z bedenini bah\u00e7ede a\u011faca as\u0131l\u0131 halde buldu. Jandarma taraf\u0131ndan el konulan olayda, gen\u00e7 kad\u0131n\u0131n \u00f6l\u00fcm\u00fc ile ilgili olay yerinde inceleme ba\u015flat\u0131ld\u0131. Ac\u0131 haber ba\u015fta Ak\u00e7ak\u00f6y olmak \u00fczere t\u00fcm il\u00e7eyi yasa bo\u011fdu.<br \/><\/p>\n","protected":false},"excerpt":{"rendered":"<p>Ayd\u0131n\u2019\u0131n K\u00f6\u015fk il\u00e7esine ba\u011fl\u0131 k\u0131rsal Ak\u00e7ak\u00f6y mahallesinden Mu\u011fla\u2019n\u0131n Milas il\u00e7esine ba\u011fl\u0131 G\u00fcr\u00e7amlar K\u00f6y\u00fc\u2019ne zeytine giden 28 ya\u015f\u0131ndaki Esra Solak, bah\u00e7ede \u00f6l\u00fc bulundu. 2 \u00e7ocuk annesi kad\u0131n\u0131n \u00f6l\u00fcm\u00fc K\u00f6\u015fk il\u00e7esini yasa bo\u011farken, Cumhuriyet Savc\u0131l\u0131\u011f\u0131 gen\u00e7 kad\u0131n\u0131n \u00f6l\u00fcm\u00fc ile ilgili soru\u015fturma ba\u015flatt\u0131. Edinilen bilgiye g\u00f6re, bir ka\u00e7 y\u0131ld\u0131r zeytin sezonunda Ayd\u0131n\u2019\u0131n K\u00f6\u015fk il\u00e7esinden Milas\u2019\u0131n G\u00fcr\u00e7amlar K\u00f6y\u00fc\u2019ne zeytine&#8230;<\/p>\n","protected":false},"author":1,"featured_media":11722,"comment_status":"open","ping_status":"open","sticky":false,"template":"","format":"standard","meta":{"_crdt_document":"","footnotes":""},"categories":[5],"tags":[],"class_list":["post-11721","post","type-post","status-publish","format-standard","has-post-thumbnail","hentry","category-asayis"],"_links":{"self":[{"href":"https:\/\/www.egemtv.com\/index.php?rest_route=\/wp\/v2\/posts\/11721","targetHints":{"allow":["GET"]}}],"collection":[{"href":"https:\/\/www.egemtv.com\/index.php?rest_route=\/wp\/v2\/posts"}],"about":[{"href":"https:\/\/www.egemtv.com\/index.php?rest_route=\/wp\/v2\/types\/post"}],"author":[{"embeddable":true,"href":"https:\/\/www.egemtv.com\/index.php?rest_route=\/wp\/v2\/users\/1"}],"replies":[{"embeddable":true,"href":"https:\/\/www.egemtv.com\/index.php?rest_route=%2Fwp%2Fv2%2Fcomments&post=11721"}],"version-history":[{"count":1,"href":"https:\/\/www.egemtv.com\/index.php?rest_route=\/wp\/v2\/posts\/11721\/revisions"}],"predecessor-version":[{"id":11723,"href":"https:\/\/www.egemtv.com\/index.php?rest_route=\/wp\/v2\/posts\/11721\/revisions\/11723"}],"wp:featuredmedia":[{"embeddable":true,"href":"https:\/\/www.egemtv.com\/index.php?rest_route=\/wp\/v2\/media\/11722"}],"wp:attachment":[{"href":"https:\/\/www.egemtv.com\/index.php?rest_route=%2Fwp%2Fv2%2Fmedia&parent=11721"}],"wp:term":[{"taxonomy":"category","embeddable":true,"href":"https:\/\/www.egemtv.com\/index.php?rest_route=%2Fwp%2Fv2%2Fcategories&post=11721"},{"taxonomy":"post_tag","embeddable":true,"href":"https:\/\/www.egemtv.com\/index.php?rest_route=%2Fwp%2Fv2%2Ftags&post=11721"}],"curies":[{"name":"wp","href":"https:\/\/api.w.org\/{rel}","templated":true}]}}