{"id":11718,"date":"2025-01-23T12:22:32","date_gmt":"2025-01-23T09:22:32","guid":{"rendered":"https:\/\/www.egemtv.com\/?p=11718"},"modified":"2025-01-23T12:22:33","modified_gmt":"2025-01-23T09:22:33","slug":"turbeldakdan-doganin-keyfini-cikartan-yuruyus-etkinligi","status":"publish","type":"post","link":"https:\/\/www.egemtv.com\/?p=11718","title":{"rendered":"TURBELDAK\u2019dan do\u011fan\u0131n keyfini \u00e7\u0131kartan y\u00fcr\u00fcy\u00fc\u015f etkinli\u011fi"},"content":{"rendered":"<p>Turgutlu Belediyesi Da\u011fc\u0131l\u0131k Akademisi (TURBELDAK), hafta sonu ger\u00e7ekle\u015ftirdi\u011fi do\u011fa y\u00fcr\u00fcy\u00fc\u015f\u00fc ile do\u011faseverlere unutulmaz bir g\u00fcn ya\u015fatt\u0131. K\u0131\u015f mevsiminin serin ama berrak havas\u0131nda d\u00fczenlenen etkinlik, G\u00fcney K\u00f6y\u00fc Oyukba\u015f\u0131 mevkiinden ba\u015flayarak Kaba\u00e7\u0131nar K\u00f6y\u00fc\u2019ne kadar uzanan 11 kilometrelik parkurda ger\u00e7ekle\u015fti.<br \/>\n<br \/>Turgutlu Belediyesi K\u00fclt\u00fcr ve Sosyal \u0130\u015fler M\u00fcd\u00fcrl\u00fc\u011f\u00fcne ba\u011fl\u0131 olarak y\u00fcr\u00fcy\u00fc\u015f ve t\u0131rman\u0131\u015f etkinlikleri d\u00fczenleyen TURBELDAK, hafta sonunda G\u00fcney Oyukba\u015f\u0131-Kaba\u00e7\u0131nar parkurundayd\u0131. Yaz-K\u0131\u015f Y\u00fcr\u00fcy\u00fc\u015f Liderleri Orhan Mert ve Haydar Atilla rehberli\u011finde d\u00fczenlenen y\u00fcr\u00fcy\u00fc\u015fte TURBELDAK ekibi, y\u00fcr\u00fcy\u00fc\u015fe sabah\u0131n erken saatlerinde ba\u015flad\u0131. Orman patikalar\u0131ndan ge\u00e7erken \u00e7\u0131plak me\u015fe a\u011fa\u00e7lar\u0131n\u0131n huzur veren g\u00f6r\u00fcnt\u00fcs\u00fc ve zaman zaman kar\u015f\u0131la\u015f\u0131lan mangal k\u00f6m\u00fcr\u00fc ocaklar\u0131 do\u011faya duyulan hayranl\u0131\u011f\u0131 art\u0131rd\u0131. Kat\u0131l\u0131mc\u0131lar sabah kahvalt\u0131s\u0131n\u0131 k\u00f6y kahvesinde yaparken, \u00f6\u011fle yeme\u011fini do\u011fan\u0131n i\u00e7inde yanlar\u0131nda getirdikleri kumanyalarla ge\u00e7irdi. Orta zorluk seviyesindeki 11 kilometrelik parkur, y\u00fcr\u00fcy\u00fc\u015f\u00e7\u00fclere fiziksel bir meydan okuma sunarken; 7. kilometrede 300 metrelik y\u00fckseli\u015fle hem beden hem de zihin g\u00fc\u00e7lendirici bir deneyim ya\u015fatt\u0131.<br \/>\n<br \/>Yaz-K\u0131\u015f Y\u00fcr\u00fcy\u00fc\u015f Lideri Orhan Mert, \u201cDo\u011fan\u0131n c\u00f6mert davrand\u0131\u011f\u0131, adeta g\u00f6rsel \u015f\u00f6len sundu\u011fu bir parkurda daha y\u00fcr\u00fcy\u00fc\u015f\u00fcm\u00fcz\u00fc keyifle yapt\u0131k. Do\u011fal g\u00fczelliklere kay\u0131ts\u0131z kalamayarak bol bol hat\u0131ra foto\u011fraf\u0131 da \u00e7ekildi\u011fimiz y\u00fcr\u00fcy\u00fc\u015f\u00fcm\u00fcz\u00fc arkada\u015flar\u0131m\u0131z\u0131n enerjileri, y\u00fcksek moralleriyle ne\u015fe i\u00e7erisinde tamamlad\u0131k. Bu g\u00fczel parkurda bizi yaln\u0131z b\u0131rakmayan, y\u00fcr\u00fcy\u00fc\u015f\u00fcm\u00fcze kat\u0131lan t\u00fcm kat\u0131l\u0131mc\u0131lar\u0131m\u0131za te\u015fekk\u00fcr ederim\u201d \u015feklinde konu\u015ftu.<br \/><\/p>\n","protected":false},"excerpt":{"rendered":"<p>Turgutlu Belediyesi Da\u011fc\u0131l\u0131k Akademisi (TURBELDAK), hafta sonu ger\u00e7ekle\u015ftirdi\u011fi do\u011fa y\u00fcr\u00fcy\u00fc\u015f\u00fc ile do\u011faseverlere unutulmaz bir g\u00fcn ya\u015fatt\u0131. K\u0131\u015f mevsiminin serin ama berrak havas\u0131nda d\u00fczenlenen etkinlik, G\u00fcney K\u00f6y\u00fc Oyukba\u015f\u0131 mevkiinden ba\u015flayarak Kaba\u00e7\u0131nar K\u00f6y\u00fc\u2019ne kadar uzanan 11 kilometrelik parkurda ger\u00e7ekle\u015fti. Turgutlu Belediyesi K\u00fclt\u00fcr ve Sosyal \u0130\u015fler M\u00fcd\u00fcrl\u00fc\u011f\u00fcne ba\u011fl\u0131 olarak y\u00fcr\u00fcy\u00fc\u015f ve t\u0131rman\u0131\u015f etkinlikleri d\u00fczenleyen TURBELDAK, hafta sonunda G\u00fcney&#8230;<\/p>\n","protected":false},"author":1,"featured_media":11719,"comment_status":"open","ping_status":"open","sticky":false,"template":"","format":"standard","meta":{"_crdt_document":"","footnotes":""},"categories":[1],"tags":[],"class_list":["post-11718","post","type-post","status-publish","format-standard","has-post-thumbnail","hentry","category-guncel"],"_links":{"self":[{"href":"https:\/\/www.egemtv.com\/index.php?rest_route=\/wp\/v2\/posts\/11718","targetHints":{"allow":["GET"]}}],"collection":[{"href":"https:\/\/www.egemtv.com\/index.php?rest_route=\/wp\/v2\/posts"}],"about":[{"href":"https:\/\/www.egemtv.com\/index.php?rest_route=\/wp\/v2\/types\/post"}],"author":[{"embeddable":true,"href":"https:\/\/www.egemtv.com\/index.php?rest_route=\/wp\/v2\/users\/1"}],"replies":[{"embeddable":true,"href":"https:\/\/www.egemtv.com\/index.php?rest_route=%2Fwp%2Fv2%2Fcomments&post=11718"}],"version-history":[{"count":1,"href":"https:\/\/www.egemtv.com\/index.php?rest_route=\/wp\/v2\/posts\/11718\/revisions"}],"predecessor-version":[{"id":11720,"href":"https:\/\/www.egemtv.com\/index.php?rest_route=\/wp\/v2\/posts\/11718\/revisions\/11720"}],"wp:featuredmedia":[{"embeddable":true,"href":"https:\/\/www.egemtv.com\/index.php?rest_route=\/wp\/v2\/media\/11719"}],"wp:attachment":[{"href":"https:\/\/www.egemtv.com\/index.php?rest_route=%2Fwp%2Fv2%2Fmedia&parent=11718"}],"wp:term":[{"taxonomy":"category","embeddable":true,"href":"https:\/\/www.egemtv.com\/index.php?rest_route=%2Fwp%2Fv2%2Fcategories&post=11718"},{"taxonomy":"post_tag","embeddable":true,"href":"https:\/\/www.egemtv.com\/index.php?rest_route=%2Fwp%2Fv2%2Ftags&post=11718"}],"curies":[{"name":"wp","href":"https:\/\/api.w.org\/{rel}","templated":true}]}}