{"id":11715,"date":"2025-01-23T12:19:03","date_gmt":"2025-01-23T09:19:03","guid":{"rendered":"https:\/\/www.egemtv.com\/?p=11715"},"modified":"2025-01-23T12:19:05","modified_gmt":"2025-01-23T09:19:05","slug":"ulada-ara-tatilde-spor-keyfi","status":"publish","type":"post","link":"https:\/\/www.egemtv.com\/?p=11715","title":{"rendered":"Ula\u2019da ara tatilde spor keyfi"},"content":{"rendered":"<p>Ula Kaymakaml\u0131\u011f\u0131 ve Ula Gen\u00e7lik ve Spor \u0130l\u00e7e M\u00fcd\u00fcrl\u00fc\u011f\u00fc\u2019n\u00fcn deste\u011fiyle, ara tatil d\u00f6neminde \u00e7ocuklara verimli bir zaman ge\u00e7irme f\u0131rsat\u0131 sunuluyor. Bu y\u0131l, bocce ve volo bran\u015flar\u0131nda spor yapma imk\u00e2n\u0131 bulan \u00e7ocuklar, hem fiziksel hem de mental geli\u015fimlerini destekleyen antrenmanlarla yeteneklerini geli\u015ftiriyor.<\/p>\n<p>Haftan\u0131n yedi g\u00fcn\u00fc d\u00fczenlenen antrenmanlarda, \u00e7ocuklar uzman e\u011fitmenler e\u015fli\u011finde becerilerini ilerletiyor. Bocce Antren\u00f6r\u00fc Yasemin Miski\u2019nin koordinasyonunda yap\u0131lan antrenmanlar, \u00e7ocuklar\u0131n sadece spor yapmalar\u0131n\u0131 sa\u011flam\u0131yor, ayn\u0131 zamanda sosyal becerilerinin de geli\u015fmesine katk\u0131 sunuyor. Bocce oynayarak sosyalle\u015fen \u00e7ocuklar, sporun keyfini \u00e7\u0131kar\u0131rken, ayn\u0131 zamanda e\u011flenceli bir \u015fekilde sa\u011fl\u0131kl\u0131 bir ya\u015fam s\u00fcrmeye de ad\u0131m at\u0131yorlar.<\/p>\n<p>Ula Gen\u00e7lik ve Spor \u0130l\u00e7e M\u00fcd\u00fcrl\u00fc\u011f\u00fc b\u00fcnyesinde olu\u015fturulan sahalarda y\u0131l boyunca \u00e7e\u015fitli bran\u015flarda turnuvalar d\u00fczenleniyor. Bu turnuvalar, \u00e7ocuklar\u0131n sporun rekabet\u00e7i y\u00f6n\u00fcyle tan\u0131\u015fmalar\u0131n\u0131 sa\u011flarken, kendilerini geli\u015ftirmelerine de imkan tan\u0131yor. Bocce ve volo bran\u015flar\u0131na kat\u0131lan \u00f6\u011frenciler, derslerden arta kalan zamanlar\u0131n\u0131 sporla de\u011ferlendirebilmenin mutlulu\u011funu ya\u015f\u0131yor.<br \/><\/p>\n","protected":false},"excerpt":{"rendered":"<p>Ula Kaymakaml\u0131\u011f\u0131 ve Ula Gen\u00e7lik ve Spor \u0130l\u00e7e M\u00fcd\u00fcrl\u00fc\u011f\u00fc\u2019n\u00fcn deste\u011fiyle, ara tatil d\u00f6neminde \u00e7ocuklara verimli bir zaman ge\u00e7irme f\u0131rsat\u0131 sunuluyor. Bu y\u0131l, bocce ve volo bran\u015flar\u0131nda spor yapma imk\u00e2n\u0131 bulan \u00e7ocuklar, hem fiziksel hem de mental geli\u015fimlerini destekleyen antrenmanlarla yeteneklerini geli\u015ftiriyor. Haftan\u0131n yedi g\u00fcn\u00fc d\u00fczenlenen antrenmanlarda, \u00e7ocuklar uzman e\u011fitmenler e\u015fli\u011finde becerilerini ilerletiyor. Bocce Antren\u00f6r\u00fc Yasemin&#8230;<\/p>\n","protected":false},"author":1,"featured_media":11716,"comment_status":"open","ping_status":"open","sticky":false,"template":"","format":"standard","meta":{"_crdt_document":"","footnotes":""},"categories":[1],"tags":[],"class_list":["post-11715","post","type-post","status-publish","format-standard","has-post-thumbnail","hentry","category-guncel"],"_links":{"self":[{"href":"https:\/\/www.egemtv.com\/index.php?rest_route=\/wp\/v2\/posts\/11715","targetHints":{"allow":["GET"]}}],"collection":[{"href":"https:\/\/www.egemtv.com\/index.php?rest_route=\/wp\/v2\/posts"}],"about":[{"href":"https:\/\/www.egemtv.com\/index.php?rest_route=\/wp\/v2\/types\/post"}],"author":[{"embeddable":true,"href":"https:\/\/www.egemtv.com\/index.php?rest_route=\/wp\/v2\/users\/1"}],"replies":[{"embeddable":true,"href":"https:\/\/www.egemtv.com\/index.php?rest_route=%2Fwp%2Fv2%2Fcomments&post=11715"}],"version-history":[{"count":1,"href":"https:\/\/www.egemtv.com\/index.php?rest_route=\/wp\/v2\/posts\/11715\/revisions"}],"predecessor-version":[{"id":11717,"href":"https:\/\/www.egemtv.com\/index.php?rest_route=\/wp\/v2\/posts\/11715\/revisions\/11717"}],"wp:featuredmedia":[{"embeddable":true,"href":"https:\/\/www.egemtv.com\/index.php?rest_route=\/wp\/v2\/media\/11716"}],"wp:attachment":[{"href":"https:\/\/www.egemtv.com\/index.php?rest_route=%2Fwp%2Fv2%2Fmedia&parent=11715"}],"wp:term":[{"taxonomy":"category","embeddable":true,"href":"https:\/\/www.egemtv.com\/index.php?rest_route=%2Fwp%2Fv2%2Fcategories&post=11715"},{"taxonomy":"post_tag","embeddable":true,"href":"https:\/\/www.egemtv.com\/index.php?rest_route=%2Fwp%2Fv2%2Ftags&post=11715"}],"curies":[{"name":"wp","href":"https:\/\/api.w.org\/{rel}","templated":true}]}}