{"id":11712,"date":"2025-01-23T12:13:39","date_gmt":"2025-01-23T09:13:39","guid":{"rendered":"https:\/\/www.egemtv.com\/?p=11712"},"modified":"2025-01-23T12:13:40","modified_gmt":"2025-01-23T09:13:40","slug":"sahte-alkol-uretip-piyasaya-suruyordu-jandarmaya-takildi","status":"publish","type":"post","link":"https:\/\/www.egemtv.com\/?p=11712","title":{"rendered":"Sahte alkol \u00fcretip piyasaya s\u00fcr\u00fcyordu, jandarmaya tak\u0131ld\u0131"},"content":{"rendered":"<p>Ayd\u0131n\u2019\u0131n \u0130ncirliova il\u00e7esinde sahte alkol \u00fcretip piyasaya s\u00fcrd\u00fc\u011f\u00fc tespit edilen 1 \u015f\u00fcpheli jandarma ekiplerince yap\u0131lan bask\u0131nda yakaland\u0131.<\/p>\n<p>\u0130ncirliova \u0130l\u00e7e Jandarma Komutanl\u0131\u011f\u0131nca ka\u00e7ak veya sahte i\u00e7ki ticaretinin \u00f6nlenmesi amac\u0131yla \u00e7al\u0131\u015fma ger\u00e7ekle\u015ftirildi. Edinilen bilgiye g\u00f6re jandarma ekipleri, A.T. isimli \u015fahs\u0131n sahte alkol \u00fcretti\u011fi ve piyasaya s\u00fcrd\u00fc\u011f\u00fcn\u00fc tespit etti. Harekete ge\u00e7en ekipler, \u015f\u00fcpheli \u015fahs\u0131n adresine bask\u0131n d\u00fczenledi.<\/p>\n<p>Yap\u0131lan aramalarda toplamda 55 litre el yap\u0131m\u0131 alkol ile 14 adet alkol kiti ele ge\u00e7irildi. Yakalanarak g\u00f6zalt\u0131na al\u0131nan \u015f\u00fcpheli A.T. hakk\u0131nda ba\u015flat\u0131lan adli s\u00fcre\u00e7 devam ediyor.<br \/><\/p>\n","protected":false},"excerpt":{"rendered":"<p>Ayd\u0131n\u2019\u0131n \u0130ncirliova il\u00e7esinde sahte alkol \u00fcretip piyasaya s\u00fcrd\u00fc\u011f\u00fc tespit edilen 1 \u015f\u00fcpheli jandarma ekiplerince yap\u0131lan bask\u0131nda yakaland\u0131. \u0130ncirliova \u0130l\u00e7e Jandarma Komutanl\u0131\u011f\u0131nca ka\u00e7ak veya sahte i\u00e7ki ticaretinin \u00f6nlenmesi amac\u0131yla \u00e7al\u0131\u015fma ger\u00e7ekle\u015ftirildi. Edinilen bilgiye g\u00f6re jandarma ekipleri, A.T. isimli \u015fahs\u0131n sahte alkol \u00fcretti\u011fi ve piyasaya s\u00fcrd\u00fc\u011f\u00fcn\u00fc tespit etti. Harekete ge\u00e7en ekipler, \u015f\u00fcpheli \u015fahs\u0131n adresine bask\u0131n d\u00fczenledi. Yap\u0131lan&#8230;<\/p>\n","protected":false},"author":1,"featured_media":11713,"comment_status":"open","ping_status":"open","sticky":false,"template":"","format":"standard","meta":{"_crdt_document":"","footnotes":""},"categories":[5],"tags":[],"class_list":["post-11712","post","type-post","status-publish","format-standard","has-post-thumbnail","hentry","category-asayis"],"_links":{"self":[{"href":"https:\/\/www.egemtv.com\/index.php?rest_route=\/wp\/v2\/posts\/11712","targetHints":{"allow":["GET"]}}],"collection":[{"href":"https:\/\/www.egemtv.com\/index.php?rest_route=\/wp\/v2\/posts"}],"about":[{"href":"https:\/\/www.egemtv.com\/index.php?rest_route=\/wp\/v2\/types\/post"}],"author":[{"embeddable":true,"href":"https:\/\/www.egemtv.com\/index.php?rest_route=\/wp\/v2\/users\/1"}],"replies":[{"embeddable":true,"href":"https:\/\/www.egemtv.com\/index.php?rest_route=%2Fwp%2Fv2%2Fcomments&post=11712"}],"version-history":[{"count":1,"href":"https:\/\/www.egemtv.com\/index.php?rest_route=\/wp\/v2\/posts\/11712\/revisions"}],"predecessor-version":[{"id":11714,"href":"https:\/\/www.egemtv.com\/index.php?rest_route=\/wp\/v2\/posts\/11712\/revisions\/11714"}],"wp:featuredmedia":[{"embeddable":true,"href":"https:\/\/www.egemtv.com\/index.php?rest_route=\/wp\/v2\/media\/11713"}],"wp:attachment":[{"href":"https:\/\/www.egemtv.com\/index.php?rest_route=%2Fwp%2Fv2%2Fmedia&parent=11712"}],"wp:term":[{"taxonomy":"category","embeddable":true,"href":"https:\/\/www.egemtv.com\/index.php?rest_route=%2Fwp%2Fv2%2Fcategories&post=11712"},{"taxonomy":"post_tag","embeddable":true,"href":"https:\/\/www.egemtv.com\/index.php?rest_route=%2Fwp%2Fv2%2Ftags&post=11712"}],"curies":[{"name":"wp","href":"https:\/\/api.w.org\/{rel}","templated":true}]}}