{"id":11709,"date":"2025-01-23T12:13:36","date_gmt":"2025-01-23T09:13:36","guid":{"rendered":"https:\/\/www.egemtv.com\/?p=11709"},"modified":"2025-01-23T12:13:38","modified_gmt":"2025-01-23T09:13:38","slug":"baskan-cercioglundan-cineye-928-milyonluk-yatirim","status":"publish","type":"post","link":"https:\/\/www.egemtv.com\/?p=11709","title":{"rendered":"Ba\u015fkan \u00c7er\u00e7io\u011flu\u2019ndan \u00c7ine\u2019ye 928 milyonluk yat\u0131r\u0131m"},"content":{"rendered":"<p>Ayd\u0131n B\u00fcy\u00fck\u015fehir Belediyesi Su ve Kanalizasyon \u0130daresi (ASK\u0130) Genel M\u00fcd\u00fcr\u00fc Hakan Olka\u00e7, Genel Sekreter Yard\u0131mc\u0131lar\u0131 Zafer U\u00e7ar ve Burak \u00d6rnek ile Fen \u0130\u015fleri Dairesi Ba\u015fkan\u0131 Ufuk Serdar \u00d6zmen, \u00c7ine Belediye Ba\u015fkan\u0131 Mehmet K\u0131vrak\u2019\u0131 ziyaret ederek Ayd\u0131n B\u00fcy\u00fck\u015fehir Belediye Ba\u015fkan\u0131 \u00d6zlem \u00c7er\u00e7io\u011flu taraf\u0131ndan \u00c7ine il\u00e7esine ger\u00e7ekle\u015ftirilen yat\u0131r\u0131m ve \u00e7al\u0131\u015fmalar\u0131 de\u011ferlendirdi.<\/p>\n<p>\u00c7ine\u2019ye g\u00fcncel de\u011ferler ile 928 milyon T\u00fcrk Liras\u0131 de\u011ferinde yat\u0131r\u0131m ger\u00e7ekle\u015ftiren B\u00fcy\u00fck\u015fehir Belediyesi ve ASK\u0130\u2019nin \u00e7al\u0131\u015fmalar\u0131 ile kazanan \u00c7ineliler oldu.<\/p>\n<p>\u00c7ine\u2019nin k\u0131rsal mahallelerinden kent merkezine kadar 234 kilometre uzunlu\u011funda altyap\u0131 \u00e7al\u0131\u015fmas\u0131n\u0131 ve 437,5 kilometre uzunlu\u011funda yol \u00e7al\u0131\u015fmas\u0131n\u0131 tamamlayan B\u00fcy\u00fck\u015fehir Belediyesi ve ASK\u0130, bir\u00e7ok projeyi de il\u00e7eye kazand\u0131rd\u0131. \u00c7ine Belediye Ba\u015fkan\u0131 Mehmet K\u0131vrak, yap\u0131m\u0131 tamamlanarak \u00c7inelilerin hizmetine sunulan B\u00fcy\u00fck\u015fehir Belediyesi Sosyal Tesisleri, D\u00fc\u011f\u00fcn Salonu, Kalabak K\u00f6pr\u00fcs\u00fc, \u0130tfaiye Binas\u0131, Otogar, Halk Ege Et Mezbahas\u0131, Mutaflar \u00c7i\u00e7ek\u00e7ilik Projesi ile hayata ge\u00e7irilen proje ve yat\u0131r\u0131mlar nedeniyle Ba\u015fkan \u00c7er\u00e7io\u011flu\u2019na te\u015fekk\u00fcr etti.<\/p>\n<p>Ba\u015fkan \u00c7er\u00e7io\u011flu: \u201cKentimiz genelinde \u00e7al\u0131\u015fmalar\u0131m\u0131z devam edecek\u201d<br \/>\n<br \/>Ba\u015fkan \u00c7er\u00e7io\u011flu, kent genelinde ger\u00e7ekle\u015ftirilen yat\u0131r\u0131m ve \u00e7al\u0131\u015fmalar\u0131n devam edece\u011fini belirterek, \u201c\u00c7ine ve g\u00fczel Ayd\u0131n\u0131m\u0131z\u0131n t\u00fcm il\u00e7eleri i\u00e7in \u00e7al\u0131\u015fmay\u0131, hem\u015fehrilerimize hizmetlerimizi ula\u015ft\u0131rmay\u0131 s\u00fcrd\u00fcrece\u011fiz. Hem\u015fehrilerimizden ald\u0131\u011f\u0131m\u0131z g\u00fc\u00e7 ve destek ile g\u00fczel kentimize hizmetlerimiz devam edecek\u201d ifadelerini kulland\u0131.<br \/><\/p>\n","protected":false},"excerpt":{"rendered":"<p>Ayd\u0131n B\u00fcy\u00fck\u015fehir Belediyesi Su ve Kanalizasyon \u0130daresi (ASK\u0130) Genel M\u00fcd\u00fcr\u00fc Hakan Olka\u00e7, Genel Sekreter Yard\u0131mc\u0131lar\u0131 Zafer U\u00e7ar ve Burak \u00d6rnek ile Fen \u0130\u015fleri Dairesi Ba\u015fkan\u0131 Ufuk Serdar \u00d6zmen, \u00c7ine Belediye Ba\u015fkan\u0131 Mehmet K\u0131vrak\u2019\u0131 ziyaret ederek Ayd\u0131n B\u00fcy\u00fck\u015fehir Belediye Ba\u015fkan\u0131 \u00d6zlem \u00c7er\u00e7io\u011flu taraf\u0131ndan \u00c7ine il\u00e7esine ger\u00e7ekle\u015ftirilen yat\u0131r\u0131m ve \u00e7al\u0131\u015fmalar\u0131 de\u011ferlendirdi. \u00c7ine\u2019ye g\u00fcncel de\u011ferler ile 928 milyon&#8230;<\/p>\n","protected":false},"author":1,"featured_media":11710,"comment_status":"open","ping_status":"open","sticky":false,"template":"","format":"standard","meta":{"_crdt_document":"","footnotes":""},"categories":[1],"tags":[],"class_list":["post-11709","post","type-post","status-publish","format-standard","has-post-thumbnail","hentry","category-guncel"],"_links":{"self":[{"href":"https:\/\/www.egemtv.com\/index.php?rest_route=\/wp\/v2\/posts\/11709","targetHints":{"allow":["GET"]}}],"collection":[{"href":"https:\/\/www.egemtv.com\/index.php?rest_route=\/wp\/v2\/posts"}],"about":[{"href":"https:\/\/www.egemtv.com\/index.php?rest_route=\/wp\/v2\/types\/post"}],"author":[{"embeddable":true,"href":"https:\/\/www.egemtv.com\/index.php?rest_route=\/wp\/v2\/users\/1"}],"replies":[{"embeddable":true,"href":"https:\/\/www.egemtv.com\/index.php?rest_route=%2Fwp%2Fv2%2Fcomments&post=11709"}],"version-history":[{"count":1,"href":"https:\/\/www.egemtv.com\/index.php?rest_route=\/wp\/v2\/posts\/11709\/revisions"}],"predecessor-version":[{"id":11711,"href":"https:\/\/www.egemtv.com\/index.php?rest_route=\/wp\/v2\/posts\/11709\/revisions\/11711"}],"wp:featuredmedia":[{"embeddable":true,"href":"https:\/\/www.egemtv.com\/index.php?rest_route=\/wp\/v2\/media\/11710"}],"wp:attachment":[{"href":"https:\/\/www.egemtv.com\/index.php?rest_route=%2Fwp%2Fv2%2Fmedia&parent=11709"}],"wp:term":[{"taxonomy":"category","embeddable":true,"href":"https:\/\/www.egemtv.com\/index.php?rest_route=%2Fwp%2Fv2%2Fcategories&post=11709"},{"taxonomy":"post_tag","embeddable":true,"href":"https:\/\/www.egemtv.com\/index.php?rest_route=%2Fwp%2Fv2%2Ftags&post=11709"}],"curies":[{"name":"wp","href":"https:\/\/api.w.org\/{rel}","templated":true}]}}