{"id":11703,"date":"2025-01-23T12:09:57","date_gmt":"2025-01-23T09:09:57","guid":{"rendered":"https:\/\/www.egemtv.com\/?p=11703"},"modified":"2025-01-23T12:09:59","modified_gmt":"2025-01-23T09:09:59","slug":"goztepe-fenerbahce-macina-odaklandi","status":"publish","type":"post","link":"https:\/\/www.egemtv.com\/?p=11703","title":{"rendered":"G\u00f6ztepe, Fenerbah\u00e7e ma\u00e7\u0131na odakland\u0131"},"content":{"rendered":"<p>Trendyol S\u00fcper Lig\u2019de bu sezon deplasmanda istedi\u011fi sonu\u00e7lar\u0131 almakta zorlanan G\u00f6ztepe, pazar g\u00fcn\u00fc konuk olaca\u011f\u0131 Fenerbah\u00e7e\u2019yi ma\u011flup ederek 2025 y\u0131l\u0131n\u0131n ilk d\u0131\u015f saha galibiyetini almay\u0131 hedefliyor.<br \/>\n<br \/>Trendyol S\u00fcper Lig ekiplerinden G\u00f6ztepe, bu sezon ligde oynad\u0131\u011f\u0131 19 ma\u00e7ta 10 galibiyet, 4 beraberlik al\u0131rken 5 kez ma\u011flubiyet ya\u015fad\u0131. Sar\u0131-k\u0131rm\u0131z\u0131l\u0131lar, bu s\u00fcre\u00e7te toplad\u0131\u011f\u0131 34 puanla 4. basamakta bulunuyor. Bu sezon i\u00e7 sahada yenilgi y\u00fcz\u00fc g\u00f6rmeyen G\u00f6ztepe, ayn\u0131 oyunu deplasmanda sergilemekte zorlan\u0131yor. D\u0131\u015f sahada lige 2 beraberlikle ba\u015flad\u0131ktan sonra art arda 3 ma\u00e7\u0131n\u0131 kaybeden \u0130zmir ekibi, ilk galibiyetini 24 Kas\u0131m 2024\u2019te Be\u015fikta\u015f\u2019a kar\u015f\u0131 alm\u0131\u015ft\u0131. Sar\u0131-k\u0131rm\u0131z\u0131l\u0131lar, o tarihten sonra deplasmanda oynad\u0131\u011f\u0131 m\u00fcsabakalarda d\u00fc\u015f\u00fc\u015fe ge\u00e7erek 2 ma\u011flubiyet ve 1 beraberlik ald\u0131. \u0130zmir ekibi, pazar g\u00fcn\u00fc oynayaca\u011f\u0131 Fenerbah\u00e7e ma\u00e7\u0131nda hata yapmayarak hem 3 ma\u00e7 sonra d\u0131\u015far\u0131da kazanmak istiyor hem de 2025 y\u0131l\u0131n\u0131n ilk d\u0131\u015f saha galibiyetini almay\u0131 hedefliyor.<br \/>\n<br \/>\u0130ki tak\u0131m aras\u0131nda ligin ilk devresinde \u0130zmir\u2019de oynanan m\u00fcsabakada taraflar birbirine \u00fcst\u00fcnl\u00fck kuramam\u0131\u015f ve kar\u015f\u0131la\u015fma 2-2\u2019lik beraberlikle sonu\u00e7lanm\u0131\u015ft\u0131.<\/p>\n<p>Yeni transfer ilk antrenman\u0131na \u00e7\u0131kt\u0131<br \/>\n<br \/>G\u00f6ztepe\u2019nin Athletico Paranaense\u2019den kadrosuna katt\u0131\u011f\u0131 Emersonn Correia da Silva, \u0130zmir ekibiyle ilk antrenman\u0131na \u00e7\u0131kt\u0131. 20 ya\u015f\u0131ndaki oyuncunun, hafta sonu oynanacak ma\u00e7ta kadroda yer almas\u0131 bekleniyor. Teknik Direkt\u00f6r Stanimir Stoilov\u2019un bu oyuncuya m\u00fcsabakan\u0131n gidi\u015fat\u0131na g\u00f6re ikinci yar\u0131da \u015fans vermesi tahmin ediliyor.<br \/><\/p>\n","protected":false},"excerpt":{"rendered":"<p>Trendyol S\u00fcper Lig\u2019de bu sezon deplasmanda istedi\u011fi sonu\u00e7lar\u0131 almakta zorlanan G\u00f6ztepe, pazar g\u00fcn\u00fc konuk olaca\u011f\u0131 Fenerbah\u00e7e\u2019yi ma\u011flup ederek 2025 y\u0131l\u0131n\u0131n ilk d\u0131\u015f saha galibiyetini almay\u0131 hedefliyor. Trendyol S\u00fcper Lig ekiplerinden G\u00f6ztepe, bu sezon ligde oynad\u0131\u011f\u0131 19 ma\u00e7ta 10 galibiyet, 4 beraberlik al\u0131rken 5 kez ma\u011flubiyet ya\u015fad\u0131. Sar\u0131-k\u0131rm\u0131z\u0131l\u0131lar, bu s\u00fcre\u00e7te toplad\u0131\u011f\u0131 34 puanla 4. basamakta bulunuyor&#8230;.<\/p>\n","protected":false},"author":1,"featured_media":11704,"comment_status":"open","ping_status":"open","sticky":false,"template":"","format":"standard","meta":{"_crdt_document":"","footnotes":""},"categories":[4],"tags":[],"class_list":["post-11703","post","type-post","status-publish","format-standard","has-post-thumbnail","hentry","category-spor"],"_links":{"self":[{"href":"https:\/\/www.egemtv.com\/index.php?rest_route=\/wp\/v2\/posts\/11703","targetHints":{"allow":["GET"]}}],"collection":[{"href":"https:\/\/www.egemtv.com\/index.php?rest_route=\/wp\/v2\/posts"}],"about":[{"href":"https:\/\/www.egemtv.com\/index.php?rest_route=\/wp\/v2\/types\/post"}],"author":[{"embeddable":true,"href":"https:\/\/www.egemtv.com\/index.php?rest_route=\/wp\/v2\/users\/1"}],"replies":[{"embeddable":true,"href":"https:\/\/www.egemtv.com\/index.php?rest_route=%2Fwp%2Fv2%2Fcomments&post=11703"}],"version-history":[{"count":1,"href":"https:\/\/www.egemtv.com\/index.php?rest_route=\/wp\/v2\/posts\/11703\/revisions"}],"predecessor-version":[{"id":11705,"href":"https:\/\/www.egemtv.com\/index.php?rest_route=\/wp\/v2\/posts\/11703\/revisions\/11705"}],"wp:featuredmedia":[{"embeddable":true,"href":"https:\/\/www.egemtv.com\/index.php?rest_route=\/wp\/v2\/media\/11704"}],"wp:attachment":[{"href":"https:\/\/www.egemtv.com\/index.php?rest_route=%2Fwp%2Fv2%2Fmedia&parent=11703"}],"wp:term":[{"taxonomy":"category","embeddable":true,"href":"https:\/\/www.egemtv.com\/index.php?rest_route=%2Fwp%2Fv2%2Fcategories&post=11703"},{"taxonomy":"post_tag","embeddable":true,"href":"https:\/\/www.egemtv.com\/index.php?rest_route=%2Fwp%2Fv2%2Ftags&post=11703"}],"curies":[{"name":"wp","href":"https:\/\/api.w.org\/{rel}","templated":true}]}}