{"id":11700,"date":"2025-01-23T12:07:37","date_gmt":"2025-01-23T09:07:37","guid":{"rendered":"https:\/\/www.egemtv.com\/?p=11700"},"modified":"2025-01-23T12:07:38","modified_gmt":"2025-01-23T09:07:38","slug":"jandarma-gunubirlik-kiralanan-ev-ve-araclari-denetledi","status":"publish","type":"post","link":"https:\/\/www.egemtv.com\/?p=11700","title":{"rendered":"Jandarma g\u00fcn\u00fcbirlik kiralanan ev ve ara\u00e7lar\u0131 denetledi"},"content":{"rendered":"<p>Ayd\u0131n\u2019da jandarma ekiplerince g\u00fcn\u00fcbirlik kiralanan ev ve ara\u00e7 firmalar\u0131 denetlenirken, yap\u0131lan \u00e7al\u0131\u015fmada \u00e7e\u015fitli su\u00e7lardan aranan 8 \u015f\u00fcpheli yakaland\u0131.<\/p>\n<p>Ayd\u0131n \u0130l Jandarma Komutanl\u0131\u011f\u0131, KOM \u015eube M\u00fcd\u00fcrl\u00fc\u011f\u00fc koordinesinde \u0130l\u00e7e Jandarma Komutanl\u0131\u011f\u0131 ekiplerince g\u00fcn\u00fc g\u00fcn\u00fcbirlik kiralanan ev ve ara\u00e7 kiralama firmalar\u0131na y\u00f6nelik \u00e7al\u0131\u015fma ger\u00e7ekle\u015ftirildi. Yap\u0131lan uygulamalarda 48 g\u00fcn\u00fcbirlik i\u015fletici, 65 g\u00fcn\u00fcbirlik kiralanan ev, 48 sisteme kay\u0131tl\u0131 g\u00fcn\u00fcbirlik i\u015fletici, 8 ara\u00e7 kiralama firmas\u0131 kontrol edildi. Ayr\u0131ca kontrollerde \u00e7e\u015fitli su\u00e7lardan aranan 8 \u015f\u00fcpheli yakaland\u0131. Bir miktar uyu\u015fturucu madde ele ge\u00e7irildi. Yakalanan \u015f\u00fcpheliler hakk\u0131nda adli s\u00fcre\u00e7 ba\u015flat\u0131ld\u0131.<br \/><\/p>\n","protected":false},"excerpt":{"rendered":"<p>Ayd\u0131n\u2019da jandarma ekiplerince g\u00fcn\u00fcbirlik kiralanan ev ve ara\u00e7 firmalar\u0131 denetlenirken, yap\u0131lan \u00e7al\u0131\u015fmada \u00e7e\u015fitli su\u00e7lardan aranan 8 \u015f\u00fcpheli yakaland\u0131. Ayd\u0131n \u0130l Jandarma Komutanl\u0131\u011f\u0131, KOM \u015eube M\u00fcd\u00fcrl\u00fc\u011f\u00fc koordinesinde \u0130l\u00e7e Jandarma Komutanl\u0131\u011f\u0131 ekiplerince g\u00fcn\u00fc g\u00fcn\u00fcbirlik kiralanan ev ve ara\u00e7 kiralama firmalar\u0131na y\u00f6nelik \u00e7al\u0131\u015fma ger\u00e7ekle\u015ftirildi. Yap\u0131lan uygulamalarda 48 g\u00fcn\u00fcbirlik i\u015fletici, 65 g\u00fcn\u00fcbirlik kiralanan ev, 48 sisteme kay\u0131tl\u0131 g\u00fcn\u00fcbirlik i\u015fletici,&#8230;<\/p>\n","protected":false},"author":1,"featured_media":11701,"comment_status":"open","ping_status":"open","sticky":false,"template":"","format":"standard","meta":{"_crdt_document":"","footnotes":""},"categories":[5],"tags":[],"class_list":["post-11700","post","type-post","status-publish","format-standard","has-post-thumbnail","hentry","category-asayis"],"_links":{"self":[{"href":"https:\/\/www.egemtv.com\/index.php?rest_route=\/wp\/v2\/posts\/11700","targetHints":{"allow":["GET"]}}],"collection":[{"href":"https:\/\/www.egemtv.com\/index.php?rest_route=\/wp\/v2\/posts"}],"about":[{"href":"https:\/\/www.egemtv.com\/index.php?rest_route=\/wp\/v2\/types\/post"}],"author":[{"embeddable":true,"href":"https:\/\/www.egemtv.com\/index.php?rest_route=\/wp\/v2\/users\/1"}],"replies":[{"embeddable":true,"href":"https:\/\/www.egemtv.com\/index.php?rest_route=%2Fwp%2Fv2%2Fcomments&post=11700"}],"version-history":[{"count":1,"href":"https:\/\/www.egemtv.com\/index.php?rest_route=\/wp\/v2\/posts\/11700\/revisions"}],"predecessor-version":[{"id":11702,"href":"https:\/\/www.egemtv.com\/index.php?rest_route=\/wp\/v2\/posts\/11700\/revisions\/11702"}],"wp:featuredmedia":[{"embeddable":true,"href":"https:\/\/www.egemtv.com\/index.php?rest_route=\/wp\/v2\/media\/11701"}],"wp:attachment":[{"href":"https:\/\/www.egemtv.com\/index.php?rest_route=%2Fwp%2Fv2%2Fmedia&parent=11700"}],"wp:term":[{"taxonomy":"category","embeddable":true,"href":"https:\/\/www.egemtv.com\/index.php?rest_route=%2Fwp%2Fv2%2Fcategories&post=11700"},{"taxonomy":"post_tag","embeddable":true,"href":"https:\/\/www.egemtv.com\/index.php?rest_route=%2Fwp%2Fv2%2Ftags&post=11700"}],"curies":[{"name":"wp","href":"https:\/\/api.w.org\/{rel}","templated":true}]}}