{"id":11697,"date":"2025-01-23T12:07:34","date_gmt":"2025-01-23T09:07:34","guid":{"rendered":"https:\/\/www.egemtv.com\/?p=11697"},"modified":"2025-01-23T12:07:36","modified_gmt":"2025-01-23T09:07:36","slug":"jandarma-kuyucakta-vatandaslari-bilgilendirdi","status":"publish","type":"post","link":"https:\/\/www.egemtv.com\/?p=11697","title":{"rendered":"Jandarma Kuyucak\u2019ta vatanda\u015flar\u0131 bilgilendirdi"},"content":{"rendered":"<p>Ayd\u0131n \u0130l Jandarma Komutanl\u0131\u011f\u0131 ekipleri Kuyucak\u2019ta vatanda\u015flar\u0131 bilgilendirdi.<br \/>\n<br \/>Ayd\u0131n \u0130l Jandarma Komutanl\u0131\u011f\u0131 Aile i\u00e7i \u015eiddetle M\u00fccadele ve \u00c7ocuk K\u0131s\u0131m Amirli\u011fi ve Kuyucak \u0130l\u00e7e Jandarma Komutanl\u0131\u011f\u0131 personellerince aile yap\u0131s\u0131n\u0131n korunmas\u0131, g\u00fc\u00e7lendirilmesi ve gelecek nesillere sa\u011flam bir miras olarak aktar\u0131lmas\u0131, Aile \u0130\u00e7i ve Kad\u0131na Y\u00f6nelik \u015eiddete kar\u015f\u0131 fark\u0131ndal\u0131k olu\u015fturmak maksad\u0131yla Kuyucak \u0130l\u00e7esi Ba\u015faran Mahallesi\u2019nde \u201cKad\u0131na El Kalkamaz\u201d mottosuyla bilgilendirme faaliyeti ger\u00e7ekle\u015ftirildi. Durumsal fark\u0131ndal\u0131k olu\u015fturmak maksad\u0131yla Kad\u0131na El Kalkamaz bro\u015f\u00fcr\u00fc da\u011f\u0131t\u0131larak, pankart a\u00e7\u0131ld\u0131.<br \/><\/p>\n","protected":false},"excerpt":{"rendered":"<p>Ayd\u0131n \u0130l Jandarma Komutanl\u0131\u011f\u0131 ekipleri Kuyucak\u2019ta vatanda\u015flar\u0131 bilgilendirdi. Ayd\u0131n \u0130l Jandarma Komutanl\u0131\u011f\u0131 Aile i\u00e7i \u015eiddetle M\u00fccadele ve \u00c7ocuk K\u0131s\u0131m Amirli\u011fi ve Kuyucak \u0130l\u00e7e Jandarma Komutanl\u0131\u011f\u0131 personellerince aile yap\u0131s\u0131n\u0131n korunmas\u0131, g\u00fc\u00e7lendirilmesi ve gelecek nesillere sa\u011flam bir miras olarak aktar\u0131lmas\u0131, Aile \u0130\u00e7i ve Kad\u0131na Y\u00f6nelik \u015eiddete kar\u015f\u0131 fark\u0131ndal\u0131k olu\u015fturmak maksad\u0131yla Kuyucak \u0130l\u00e7esi Ba\u015faran Mahallesi\u2019nde \u201cKad\u0131na El Kalkamaz\u201d&#8230;<\/p>\n","protected":false},"author":1,"featured_media":11698,"comment_status":"open","ping_status":"open","sticky":false,"template":"","format":"standard","meta":{"_crdt_document":"","footnotes":""},"categories":[1],"tags":[],"class_list":["post-11697","post","type-post","status-publish","format-standard","has-post-thumbnail","hentry","category-guncel"],"_links":{"self":[{"href":"https:\/\/www.egemtv.com\/index.php?rest_route=\/wp\/v2\/posts\/11697","targetHints":{"allow":["GET"]}}],"collection":[{"href":"https:\/\/www.egemtv.com\/index.php?rest_route=\/wp\/v2\/posts"}],"about":[{"href":"https:\/\/www.egemtv.com\/index.php?rest_route=\/wp\/v2\/types\/post"}],"author":[{"embeddable":true,"href":"https:\/\/www.egemtv.com\/index.php?rest_route=\/wp\/v2\/users\/1"}],"replies":[{"embeddable":true,"href":"https:\/\/www.egemtv.com\/index.php?rest_route=%2Fwp%2Fv2%2Fcomments&post=11697"}],"version-history":[{"count":1,"href":"https:\/\/www.egemtv.com\/index.php?rest_route=\/wp\/v2\/posts\/11697\/revisions"}],"predecessor-version":[{"id":11699,"href":"https:\/\/www.egemtv.com\/index.php?rest_route=\/wp\/v2\/posts\/11697\/revisions\/11699"}],"wp:featuredmedia":[{"embeddable":true,"href":"https:\/\/www.egemtv.com\/index.php?rest_route=\/wp\/v2\/media\/11698"}],"wp:attachment":[{"href":"https:\/\/www.egemtv.com\/index.php?rest_route=%2Fwp%2Fv2%2Fmedia&parent=11697"}],"wp:term":[{"taxonomy":"category","embeddable":true,"href":"https:\/\/www.egemtv.com\/index.php?rest_route=%2Fwp%2Fv2%2Fcategories&post=11697"},{"taxonomy":"post_tag","embeddable":true,"href":"https:\/\/www.egemtv.com\/index.php?rest_route=%2Fwp%2Fv2%2Ftags&post=11697"}],"curies":[{"name":"wp","href":"https:\/\/api.w.org\/{rel}","templated":true}]}}