{"id":11691,"date":"2025-01-23T11:58:10","date_gmt":"2025-01-23T08:58:10","guid":{"rendered":"https:\/\/www.egemtv.com\/?p=11691"},"modified":"2025-01-23T11:58:12","modified_gmt":"2025-01-23T08:58:12","slug":"baskan-kahveci-muhtar-abaci-ile-mahallenin-ihtiyaclarini-degerlendirdi","status":"publish","type":"post","link":"https:\/\/www.egemtv.com\/?p=11691","title":{"rendered":"Ba\u015fkan Kahveci, Muhtar Abac\u0131 ile mahallenin ihtiya\u00e7lar\u0131n\u0131 de\u011ferlendirdi"},"content":{"rendered":"<p>K\u00fctahya Belediye Ba\u015fkan\u0131 Ey\u00fcp Kahveci, Hac\u0131azizler Mahallesi Muhtar\u0131 Fatma Y\u0131ld\u0131z Abac\u0131 ile bir araya gelerek mahallenin ihtiya\u00e7lar\u0131n\u0131 de\u011ferlendirdi.<br \/>\n<br \/>Belediye ba\u015fkan yard\u0131mc\u0131lar\u0131 ve ilgili birim m\u00fcd\u00fcrlerinin de kat\u0131ld\u0131\u011f\u0131 toplant\u0131da, mahalledeki sorunlar ve \u00e7\u00f6z\u00fcm yollar\u0131 \u00fczerine kapsaml\u0131 isti\u015farelerde bulunuldu.<br \/>\n<br \/>Ba\u015fkan Kahveci, belediye ekiplerinin koordineli bir \u015fekilde \u00e7al\u0131\u015farak mahallenin ihtiya\u00e7lar\u0131n\u0131 kar\u015f\u0131lamaya y\u00f6nelik planlama yapaca\u011f\u0131n\u0131 ifade etti. Mahalle sakinlerinin sorunlar\u0131n\u0131 \u00e7\u00f6zmek i\u00e7in ad\u0131mlar\u0131n h\u0131zla at\u0131laca\u011f\u0131 belirtildi.<br \/><\/p>\n","protected":false},"excerpt":{"rendered":"<p>K\u00fctahya Belediye Ba\u015fkan\u0131 Ey\u00fcp Kahveci, Hac\u0131azizler Mahallesi Muhtar\u0131 Fatma Y\u0131ld\u0131z Abac\u0131 ile bir araya gelerek mahallenin ihtiya\u00e7lar\u0131n\u0131 de\u011ferlendirdi. Belediye ba\u015fkan yard\u0131mc\u0131lar\u0131 ve ilgili birim m\u00fcd\u00fcrlerinin de kat\u0131ld\u0131\u011f\u0131 toplant\u0131da, mahalledeki sorunlar ve \u00e7\u00f6z\u00fcm yollar\u0131 \u00fczerine kapsaml\u0131 isti\u015farelerde bulunuldu. Ba\u015fkan Kahveci, belediye ekiplerinin koordineli bir \u015fekilde \u00e7al\u0131\u015farak mahallenin ihtiya\u00e7lar\u0131n\u0131 kar\u015f\u0131lamaya y\u00f6nelik planlama yapaca\u011f\u0131n\u0131 ifade etti. Mahalle sakinlerinin&#8230;<\/p>\n","protected":false},"author":1,"featured_media":11692,"comment_status":"open","ping_status":"open","sticky":false,"template":"","format":"standard","meta":{"_crdt_document":"","footnotes":""},"categories":[123],"tags":[],"class_list":["post-11691","post","type-post","status-publish","format-standard","has-post-thumbnail","hentry","category-gundem"],"_links":{"self":[{"href":"https:\/\/www.egemtv.com\/index.php?rest_route=\/wp\/v2\/posts\/11691","targetHints":{"allow":["GET"]}}],"collection":[{"href":"https:\/\/www.egemtv.com\/index.php?rest_route=\/wp\/v2\/posts"}],"about":[{"href":"https:\/\/www.egemtv.com\/index.php?rest_route=\/wp\/v2\/types\/post"}],"author":[{"embeddable":true,"href":"https:\/\/www.egemtv.com\/index.php?rest_route=\/wp\/v2\/users\/1"}],"replies":[{"embeddable":true,"href":"https:\/\/www.egemtv.com\/index.php?rest_route=%2Fwp%2Fv2%2Fcomments&post=11691"}],"version-history":[{"count":1,"href":"https:\/\/www.egemtv.com\/index.php?rest_route=\/wp\/v2\/posts\/11691\/revisions"}],"predecessor-version":[{"id":11693,"href":"https:\/\/www.egemtv.com\/index.php?rest_route=\/wp\/v2\/posts\/11691\/revisions\/11693"}],"wp:featuredmedia":[{"embeddable":true,"href":"https:\/\/www.egemtv.com\/index.php?rest_route=\/wp\/v2\/media\/11692"}],"wp:attachment":[{"href":"https:\/\/www.egemtv.com\/index.php?rest_route=%2Fwp%2Fv2%2Fmedia&parent=11691"}],"wp:term":[{"taxonomy":"category","embeddable":true,"href":"https:\/\/www.egemtv.com\/index.php?rest_route=%2Fwp%2Fv2%2Fcategories&post=11691"},{"taxonomy":"post_tag","embeddable":true,"href":"https:\/\/www.egemtv.com\/index.php?rest_route=%2Fwp%2Fv2%2Ftags&post=11691"}],"curies":[{"name":"wp","href":"https:\/\/api.w.org\/{rel}","templated":true}]}}