{"id":11664,"date":"2025-01-23T11:31:27","date_gmt":"2025-01-23T08:31:27","guid":{"rendered":"https:\/\/www.egemtv.com\/?p=11664"},"modified":"2025-01-23T11:31:29","modified_gmt":"2025-01-23T08:31:29","slug":"turk-devletleri-teskilati-yuzme-yarislari-hafta-sonu-denizlide-yapilacak","status":"publish","type":"post","link":"https:\/\/www.egemtv.com\/?p=11664","title":{"rendered":"T\u00fcrk Devletleri Te\u015fkilat\u0131 y\u00fczme yar\u0131\u015flar\u0131 hafta sonu Denizli\u2019de yap\u0131lacak"},"content":{"rendered":"<p>T\u00fcrk Devletleri Te\u015fkilat\u0131 \u00dcyesi \u00dclkelerin kat\u0131l\u0131mlar\u0131 ile &#8220;Herkes \u0130\u00e7in Y\u00fczme&#8221; Projesi kapsam\u0131nda d\u00fczenlenen yar\u0131\u015fmalarda T\u00fcrkiye elemeleri 8 grup halinde hafta sonu yap\u0131lacak. Denizli\u2019de yap\u0131lacak yar\u0131\u015fmalarda 10 ilden 323 sporcu kula\u00e7 atacak.<\/p>\n<p>T\u00fcrk Devletleri Te\u015fkilat\u0131 Herkes \u0130\u00e7in Y\u00fczme Projesi ikinci y\u0131l\u0131nda yine Denizli\u2019nin ev sahipli\u011finde ger\u00e7ekle\u015fecek. 25-26 Ocak 2025 tarihlerinde Pamukkale \u00dcniversitesi Y\u00fczme Havuzunda yap\u0131lacak yar\u0131\u015fmalara 10 ilden 323 sporcu kat\u0131lacak. Yar\u0131\u015fmalar\u0131n seremonisi 25 Ocak Cumartesi g\u00fcn\u00fc saat 13.30\u2019da ger\u00e7ekle\u015fecek.<\/p>\n<p>Finaller \u00f6nce Konya, sonra Azerbaycan\u2019da<br \/>\n<br \/>10 ayr\u0131 kategoride yap\u0131lacak yar\u0131\u015flar Cumartesi g\u00fcn\u00fc sabah saatlerinde start alacak. Yar\u0131\u015fmalara kat\u0131lan sporcular 30 dakika s\u00fcre boyunca y\u00fczerek en iyi dereceyi elde etmeye \u00e7al\u0131\u015facak. Kategorilerinde ilk \u00fc\u00e7e giren sporcular madalya alacak ve 22-23 \u015eubat tarihlerinde Konya\u2019da yap\u0131lacak T\u00fcrkiye Finallerine kat\u0131lma hakk\u0131 kazanacak. Finallerde de ba\u015far\u0131l\u0131 olan sporcular T\u00fcrk Devletleri Te\u015fkilat\u0131 \u00dcyesi \u00fclkelerin ba\u015far\u0131l\u0131 sporcular\u0131yla birlikte Azerbaycan\u2019da yap\u0131lacak uluslararas\u0131 finallerde bulu\u015facak.<\/p>\n<p>\u201cY\u00fczme sporu ile anlaml\u0131 bir organizasyon olacak\u201d<br \/>\n<br \/>\u00dcst \u00fcste ikinci defa T\u00fcrk Devletleri Te\u015fkilat\u0131 Y\u00fczme Grup Yar\u0131\u015fmalar\u0131na ev sahipli\u011fi yapmaya haz\u0131rlanan Denizli Gen\u00e7lik Spor \u0130l M\u00fcd\u00fcrl\u00fc\u011f\u00fcnde haz\u0131rl\u0131klar s\u00fcr\u00fcyor. Yar\u0131\u015fmalar hakk\u0131nda de\u011ferlendirmede bulunan Gen\u00e7lik Spor \u0130l M\u00fcd\u00fcr\u00fc \u00d6mer \u0130lman, T\u00fcrk Devletleri Te\u015fkilat\u0131 Herkes \u0130\u00e7in Y\u00fczme Projesinin, bir spor projesi olmas\u0131n\u0131n yan\u0131nda T\u00fcrk Cumhuriyetleri aras\u0131nda birlik, beraberlik ve dayan\u0131\u015fmay\u0131 geli\u015ftirmeyi ama\u00e7lad\u0131\u011f\u0131n\u0131 kaydetti. Pamukkale \u00dcniversitesi ile birlikte Denizli\u2019de ikinci defa yar\u0131\u015flara ev sahipli\u011fi yapmaktan mutluluk duyduklar\u0131n\u0131 ifade eden \u0130lman, kat\u0131lacak t\u00fcm sporculara ba\u015far\u0131lar diledi.<br \/><\/p>\n","protected":false},"excerpt":{"rendered":"<p>T\u00fcrk Devletleri Te\u015fkilat\u0131 \u00dcyesi \u00dclkelerin kat\u0131l\u0131mlar\u0131 ile &#8220;Herkes \u0130\u00e7in Y\u00fczme&#8221; Projesi kapsam\u0131nda d\u00fczenlenen yar\u0131\u015fmalarda T\u00fcrkiye elemeleri 8 grup halinde hafta sonu yap\u0131lacak. Denizli\u2019de yap\u0131lacak yar\u0131\u015fmalarda 10 ilden 323 sporcu kula\u00e7 atacak. T\u00fcrk Devletleri Te\u015fkilat\u0131 Herkes \u0130\u00e7in Y\u00fczme Projesi ikinci y\u0131l\u0131nda yine Denizli\u2019nin ev sahipli\u011finde ger\u00e7ekle\u015fecek. 25-26 Ocak 2025 tarihlerinde Pamukkale \u00dcniversitesi Y\u00fczme Havuzunda yap\u0131lacak yar\u0131\u015fmalara&#8230;<\/p>\n","protected":false},"author":1,"featured_media":11665,"comment_status":"open","ping_status":"open","sticky":false,"template":"","format":"standard","meta":{"_crdt_document":"","footnotes":""},"categories":[4],"tags":[],"class_list":["post-11664","post","type-post","status-publish","format-standard","has-post-thumbnail","hentry","category-spor"],"_links":{"self":[{"href":"https:\/\/www.egemtv.com\/index.php?rest_route=\/wp\/v2\/posts\/11664","targetHints":{"allow":["GET"]}}],"collection":[{"href":"https:\/\/www.egemtv.com\/index.php?rest_route=\/wp\/v2\/posts"}],"about":[{"href":"https:\/\/www.egemtv.com\/index.php?rest_route=\/wp\/v2\/types\/post"}],"author":[{"embeddable":true,"href":"https:\/\/www.egemtv.com\/index.php?rest_route=\/wp\/v2\/users\/1"}],"replies":[{"embeddable":true,"href":"https:\/\/www.egemtv.com\/index.php?rest_route=%2Fwp%2Fv2%2Fcomments&post=11664"}],"version-history":[{"count":1,"href":"https:\/\/www.egemtv.com\/index.php?rest_route=\/wp\/v2\/posts\/11664\/revisions"}],"predecessor-version":[{"id":11666,"href":"https:\/\/www.egemtv.com\/index.php?rest_route=\/wp\/v2\/posts\/11664\/revisions\/11666"}],"wp:featuredmedia":[{"embeddable":true,"href":"https:\/\/www.egemtv.com\/index.php?rest_route=\/wp\/v2\/media\/11665"}],"wp:attachment":[{"href":"https:\/\/www.egemtv.com\/index.php?rest_route=%2Fwp%2Fv2%2Fmedia&parent=11664"}],"wp:term":[{"taxonomy":"category","embeddable":true,"href":"https:\/\/www.egemtv.com\/index.php?rest_route=%2Fwp%2Fv2%2Fcategories&post=11664"},{"taxonomy":"post_tag","embeddable":true,"href":"https:\/\/www.egemtv.com\/index.php?rest_route=%2Fwp%2Fv2%2Ftags&post=11664"}],"curies":[{"name":"wp","href":"https:\/\/api.w.org\/{rel}","templated":true}]}}