{"id":11658,"date":"2025-01-23T11:21:26","date_gmt":"2025-01-23T08:21:26","guid":{"rendered":"https:\/\/www.egemtv.com\/?p=11658"},"modified":"2025-01-23T11:21:28","modified_gmt":"2025-01-23T08:21:28","slug":"buyuksehirin-sicak-corba-ikrami-binlerce-vatandasa-ulasiyor","status":"publish","type":"post","link":"https:\/\/www.egemtv.com\/?p=11658","title":{"rendered":"B\u00fcy\u00fck\u015fehir\u2019in s\u0131cak \u00e7orba ikram\u0131 binlerce vatanda\u015fa ula\u015f\u0131yor"},"content":{"rendered":"<p>Ayd\u0131n B\u00fcy\u00fck\u015fehir Belediyesi\u2019nin s\u0131cak \u00e7orba ikram\u0131 bug\u00fcn de 4 il\u00e7e ve 11 farkl\u0131 noktada on binden fazla pazarc\u0131 esnaf\u0131 ve vatanda\u015fa ula\u015ft\u0131r\u0131ld\u0131.<br \/>\n<br \/>Nazilli, Germencik, Efeler ve \u00c7ine il\u00e7elerinde ger\u00e7ekle\u015ftirilen ikramdan alan vatanda\u015flar, Ayd\u0131n B\u00fcy\u00fck\u015fehir Belediye Ba\u015fkan\u0131 \u00d6zlem \u00c7er\u00e7io\u011flu\u2019na te\u015fekk\u00fcr etti.<br \/>\n<br \/>Ba\u015fkan \u00c7er\u00e7io\u011flu, sosyal belediyecilik projeleri ve vatanda\u015f odakl\u0131 hizmetleri ile Ayd\u0131nl\u0131lar\u0131n yan\u0131nda olmaya devam ediyor. K\u0131\u015f mevsiminin gelmesiyle birlikte hava s\u0131cakl\u0131klar\u0131n\u0131n d\u00fc\u015fmesinin ard\u0131ndan B\u00fcy\u00fck\u015fehir Belediyesi, her y\u0131l oldu\u011fu gibi bu y\u0131l da vatanda\u015flar\u0131n ve pazarc\u0131 esnaflar\u0131n\u0131n y\u00fcz\u00fcn\u00fc g\u00fcld\u00fcren ikramlar\u0131na devam ediyor.<br \/>\n<br \/>7\u2019den 70\u2019e t\u00fcm vatanda\u015flar i\u00e7in ger\u00e7ekle\u015ftirilen s\u0131cak \u00e7orba ikram\u0131 i\u00e7leri \u0131s\u0131t\u0131yor, pazarc\u0131 esnaf\u0131 taraf\u0131ndan takdirle kar\u015f\u0131lan\u0131yor.<br \/><\/p>\n","protected":false},"excerpt":{"rendered":"<p>Ayd\u0131n B\u00fcy\u00fck\u015fehir Belediyesi\u2019nin s\u0131cak \u00e7orba ikram\u0131 bug\u00fcn de 4 il\u00e7e ve 11 farkl\u0131 noktada on binden fazla pazarc\u0131 esnaf\u0131 ve vatanda\u015fa ula\u015ft\u0131r\u0131ld\u0131. Nazilli, Germencik, Efeler ve \u00c7ine il\u00e7elerinde ger\u00e7ekle\u015ftirilen ikramdan alan vatanda\u015flar, Ayd\u0131n B\u00fcy\u00fck\u015fehir Belediye Ba\u015fkan\u0131 \u00d6zlem \u00c7er\u00e7io\u011flu\u2019na te\u015fekk\u00fcr etti. Ba\u015fkan \u00c7er\u00e7io\u011flu, sosyal belediyecilik projeleri ve vatanda\u015f odakl\u0131 hizmetleri ile Ayd\u0131nl\u0131lar\u0131n yan\u0131nda olmaya devam ediyor&#8230;.<\/p>\n","protected":false},"author":1,"featured_media":11659,"comment_status":"open","ping_status":"open","sticky":false,"template":"","format":"standard","meta":{"_crdt_document":"","footnotes":""},"categories":[1],"tags":[],"class_list":["post-11658","post","type-post","status-publish","format-standard","has-post-thumbnail","hentry","category-guncel"],"_links":{"self":[{"href":"https:\/\/www.egemtv.com\/index.php?rest_route=\/wp\/v2\/posts\/11658","targetHints":{"allow":["GET"]}}],"collection":[{"href":"https:\/\/www.egemtv.com\/index.php?rest_route=\/wp\/v2\/posts"}],"about":[{"href":"https:\/\/www.egemtv.com\/index.php?rest_route=\/wp\/v2\/types\/post"}],"author":[{"embeddable":true,"href":"https:\/\/www.egemtv.com\/index.php?rest_route=\/wp\/v2\/users\/1"}],"replies":[{"embeddable":true,"href":"https:\/\/www.egemtv.com\/index.php?rest_route=%2Fwp%2Fv2%2Fcomments&post=11658"}],"version-history":[{"count":1,"href":"https:\/\/www.egemtv.com\/index.php?rest_route=\/wp\/v2\/posts\/11658\/revisions"}],"predecessor-version":[{"id":11660,"href":"https:\/\/www.egemtv.com\/index.php?rest_route=\/wp\/v2\/posts\/11658\/revisions\/11660"}],"wp:featuredmedia":[{"embeddable":true,"href":"https:\/\/www.egemtv.com\/index.php?rest_route=\/wp\/v2\/media\/11659"}],"wp:attachment":[{"href":"https:\/\/www.egemtv.com\/index.php?rest_route=%2Fwp%2Fv2%2Fmedia&parent=11658"}],"wp:term":[{"taxonomy":"category","embeddable":true,"href":"https:\/\/www.egemtv.com\/index.php?rest_route=%2Fwp%2Fv2%2Fcategories&post=11658"},{"taxonomy":"post_tag","embeddable":true,"href":"https:\/\/www.egemtv.com\/index.php?rest_route=%2Fwp%2Fv2%2Ftags&post=11658"}],"curies":[{"name":"wp","href":"https:\/\/api.w.org\/{rel}","templated":true}]}}