{"id":11655,"date":"2025-01-23T11:21:23","date_gmt":"2025-01-23T08:21:23","guid":{"rendered":"https:\/\/www.egemtv.com\/?p=11655"},"modified":"2025-01-23T11:21:26","modified_gmt":"2025-01-23T08:21:26","slug":"manisa-buyuksehir-belediyesinden-dolandiricilik-uyarisi-2","status":"publish","type":"post","link":"https:\/\/www.egemtv.com\/?p=11655","title":{"rendered":"Manisa B\u00fcy\u00fck\u015fehir Belediyesi\u2019nden doland\u0131r\u0131c\u0131l\u0131k uyar\u0131s\u0131"},"content":{"rendered":"<p>Manisa B\u00fcy\u00fck\u015fehir Belediyesi, son g\u00fcnlerde baz\u0131 \u015fah\u0131slar\u0131n belediyenin ve belediye yetkililerinin ad\u0131n\u0131 kullanarak vatanda\u015flardan telefon yoluyla para ya da ayni yard\u0131m talep etti\u011fine dair bilgiler \u00fczerine bir a\u00e7\u0131klama yapt\u0131. Bu t\u00fcr doland\u0131r\u0131c\u0131l\u0131k giri\u015fimlerine kar\u015f\u0131 vatanda\u015flar\u0131n dikkatli olmas\u0131 gerekti\u011fi uyar\u0131s\u0131 yap\u0131larak b\u00f6yle bir durumla kar\u015f\u0131la\u015f\u0131lmas\u0131 halinde durumun emniyet birimlerine bildirilmesi istendi.<br \/>\n<br \/>Manisa B\u00fcy\u00fck\u015fehir Belediyesi\u2019nden yap\u0131lan a\u00e7\u0131klamada, doland\u0131r\u0131c\u0131lar\u0131n, belediyenin ad\u0131n\u0131 kullanarak ya da kendilerini \u2018y\u00f6netici\u2019 olarak tan\u0131tarak para veya yard\u0131m toplama bahanesiyle aramalar yapt\u0131\u011f\u0131 belirtildi. Bu y\u00f6ntemle destek talebinde bulunanlara itibar edilmemesi istenirken \u201cManisa B\u00fcy\u00fck\u015fehir Belediyesi olarak telefon veya mesaj yoluyla hi\u00e7bir \u015fekilde ayni ya da nakdi yard\u0131m talebinde bulunmuyoruz. De\u011ferli hem\u015fehrilerimizin, sosyal medya veya telefon arac\u0131l\u0131\u011f\u0131yla kendilerini belediye yetkilisi olarak tan\u0131tan ki\u015filere kesinlikle itibar etmemelerini \u00f6nemle hat\u0131rlat\u0131r\u0131z\u201d ifadelerine yer verildi.<\/p>\n<p>&#8220;Durumu hemen 112 Acil \u00c7a\u011fr\u0131 Merkezi\u2019ne bildirin&#8221;<br \/>\n<br \/>Vatanda\u015flar\u0131n b\u00f6yle bir durumla kar\u015f\u0131la\u015fmalar\u0131 halinde vakit kaybetmeden 112 Acil \u00c7a\u011fr\u0131 Merkezi \u00fczerinden emniyet birimlerine ihbarda bulunmalar\u0131 gerekti\u011fi de vurguland\u0131. Doland\u0131r\u0131c\u0131l\u0131k giri\u015fimlerine kar\u015f\u0131 vatanda\u015flar\u0131n dikkatli ve duyarl\u0131 olmalar\u0131 istenerek, kamuoyunu bilgilendirilmeye devam edilece\u011fi, konuyla ilgili hukuki giri\u015fimlerin de ba\u015flat\u0131laca\u011f\u0131 ifade edildi.<br \/><\/p>\n","protected":false},"excerpt":{"rendered":"<p>Manisa B\u00fcy\u00fck\u015fehir Belediyesi, son g\u00fcnlerde baz\u0131 \u015fah\u0131slar\u0131n belediyenin ve belediye yetkililerinin ad\u0131n\u0131 kullanarak vatanda\u015flardan telefon yoluyla para ya da ayni yard\u0131m talep etti\u011fine dair bilgiler \u00fczerine bir a\u00e7\u0131klama yapt\u0131. Bu t\u00fcr doland\u0131r\u0131c\u0131l\u0131k giri\u015fimlerine kar\u015f\u0131 vatanda\u015flar\u0131n dikkatli olmas\u0131 gerekti\u011fi uyar\u0131s\u0131 yap\u0131larak b\u00f6yle bir durumla kar\u015f\u0131la\u015f\u0131lmas\u0131 halinde durumun emniyet birimlerine bildirilmesi istendi. Manisa B\u00fcy\u00fck\u015fehir Belediyesi\u2019nden yap\u0131lan a\u00e7\u0131klamada,&#8230;<\/p>\n","protected":false},"author":1,"featured_media":11656,"comment_status":"open","ping_status":"open","sticky":false,"template":"","format":"standard","meta":{"_crdt_document":"","footnotes":""},"categories":[5],"tags":[],"class_list":["post-11655","post","type-post","status-publish","format-standard","has-post-thumbnail","hentry","category-asayis"],"_links":{"self":[{"href":"https:\/\/www.egemtv.com\/index.php?rest_route=\/wp\/v2\/posts\/11655","targetHints":{"allow":["GET"]}}],"collection":[{"href":"https:\/\/www.egemtv.com\/index.php?rest_route=\/wp\/v2\/posts"}],"about":[{"href":"https:\/\/www.egemtv.com\/index.php?rest_route=\/wp\/v2\/types\/post"}],"author":[{"embeddable":true,"href":"https:\/\/www.egemtv.com\/index.php?rest_route=\/wp\/v2\/users\/1"}],"replies":[{"embeddable":true,"href":"https:\/\/www.egemtv.com\/index.php?rest_route=%2Fwp%2Fv2%2Fcomments&post=11655"}],"version-history":[{"count":1,"href":"https:\/\/www.egemtv.com\/index.php?rest_route=\/wp\/v2\/posts\/11655\/revisions"}],"predecessor-version":[{"id":11657,"href":"https:\/\/www.egemtv.com\/index.php?rest_route=\/wp\/v2\/posts\/11655\/revisions\/11657"}],"wp:featuredmedia":[{"embeddable":true,"href":"https:\/\/www.egemtv.com\/index.php?rest_route=\/wp\/v2\/media\/11656"}],"wp:attachment":[{"href":"https:\/\/www.egemtv.com\/index.php?rest_route=%2Fwp%2Fv2%2Fmedia&parent=11655"}],"wp:term":[{"taxonomy":"category","embeddable":true,"href":"https:\/\/www.egemtv.com\/index.php?rest_route=%2Fwp%2Fv2%2Fcategories&post=11655"},{"taxonomy":"post_tag","embeddable":true,"href":"https:\/\/www.egemtv.com\/index.php?rest_route=%2Fwp%2Fv2%2Ftags&post=11655"}],"curies":[{"name":"wp","href":"https:\/\/api.w.org\/{rel}","templated":true}]}}