{"id":11649,"date":"2025-01-23T11:21:01","date_gmt":"2025-01-23T08:21:01","guid":{"rendered":"https:\/\/www.egemtv.com\/?p=11649"},"modified":"2025-01-23T11:21:04","modified_gmt":"2025-01-23T08:21:04","slug":"fuarlardan-ekonomiye-buyuk-katki","status":"publish","type":"post","link":"https:\/\/www.egemtv.com\/?p=11649","title":{"rendered":"Fuarlardan ekonomiye b\u00fcy\u00fck katk\u0131"},"content":{"rendered":"<p>T\u00fcrk fuarc\u0131l\u0131\u011f\u0131n\u0131n ba\u015fkenti \u0130zmir, ge\u00e7ti\u011fimiz y\u0131l d\u00fczenlenen fuarlarda \u00f6nemli bir ba\u015far\u0131ya imza att\u0131. \u0130zmir B\u00fcy\u00fck\u015fehir Belediyesinin ev sahipli\u011finde, \u0130ZFA\u015e\u2019\u0131n organizat\u00f6rl\u00fc\u011f\u00fcnde ve farkl\u0131 fuarc\u0131l\u0131k \u015firketleri taraf\u0131ndan ger\u00e7ekle\u015ftirilen fuarla; y\u00fczlerce kat\u0131l\u0131mc\u0131 firmay\u0131, binlerce sekt\u00f6r profesyonelini ve i\u015f insan\u0131n\u0131 Fuarizmir\u2019de bir araya getirdi. Fuar ve etkinlikler; kent, b\u00f6lge, \u00fclke ekonomisine, ihracata ve istihdama b\u00fcy\u00fck katk\u0131 sa\u011flad\u0131. Fuarizmir ve K\u00fclt\u00fcrpark\u2019ta d\u00fczenlenen fuar ve etkinlikleri 1 milyon 500 binin \u00fczerinde ki\u015fi ziyaret etti.<br \/>\n<br \/>Faaliyet illerine g\u00f6re ihracat istatistiklerine bak\u0131ld\u0131\u011f\u0131nda; fuarlar\u0131n da katk\u0131s\u0131yla Ege B\u00f6lgesi\u2019ndeki illerin toplam ihracat\u0131 40 milyar 952 milyon dolar olarak ger\u00e7ekle\u015fti. Yine faaliyet illerine g\u00f6re ihracat istatistiklerine g\u00f6re \u0130zmir, T\u00fcrkiye toplam ihracat\u0131n\u0131n y\u00fczde 9,09\u2019unu ger\u00e7ekle\u015ftirerek 23 milyar 817 milyon 180 bin dolarl\u0131k ihracat ger\u00e7ekle\u015ftirdi.<br \/>\n<br \/>\u0130zmir B\u00fcy\u00fck\u015fehir Belediyesi ev sahipli\u011finde, 2024 y\u0131l\u0131nda T\u00fcrkiye\u2019nin en b\u00fcy\u00fck ve modern fuar alan\u0131 Fuarizmir ile K\u00fclt\u00fcrpark\u2019ta, 29 fuar ve 90 \u00fclkeden gen\u00e7leri a\u011f\u0131rlayan D\u00fcnya Robot Olimpiyat\u0131 (World Robot Olympiad-WRO) Uluslararas\u0131 Finali ba\u015fta olmak \u00fczere First Lego League yerel ve ulusal turnuvalar\u0131, \u0130zmir Tattoo Fest, \u0130zmirCon 2024 gibi etkinlikler ger\u00e7ekle\u015ftirildi. \u0130zmir\u2019i ve d\u00fczenlendi\u011fi sekt\u00f6rleri d\u00fcnyayla bulu\u015fturan fuarlar, \u015fehrin uluslararas\u0131 bir ticaret ve k\u00fclt\u00fcr merkezi olma hedefini desteklerken i\u015f d\u00fcnyas\u0131 ve ziyaret\u00e7iler i\u00e7in de yeni f\u0131rsatlar sundu. Fuarizmir ve K\u00fclt\u00fcrpark\u2019ta, y\u00fczlerce firman\u0131n kat\u0131l\u0131mc\u0131 oldu\u011fu fuar ve etkinlikler; T\u00fcrkiye\u2019nin d\u00f6rt yan\u0131ndan ve 120\u2019yi a\u015fk\u0131n \u00fclkeden 1 milyon 500 binin \u00fczerinde ziyaret\u00e7iyi a\u011f\u0131rlarken ortaya \u00e7\u0131kan 100 milyonlarca liral\u0131k katma de\u011fer; kent ve \u00fclke ekonomisine, istihdama, ihracata katk\u0131 sa\u011flad\u0131.<\/p>\n<p>Fuarlar\u0131n da katk\u0131s\u0131yla Ege\u2019den 40 milyar 952 milyon dolarl\u0131k ihracat<br \/>\n<br \/>T.C. Ticaret Bakanl\u0131\u011f\u0131\u2019n\u0131n istatistiklerine g\u00f6re; 2024 y\u0131l\u0131nda T\u00fcrkiye\u2019den ge\u00e7en y\u0131la oranla y\u00fczde 2,46 art\u0131\u015fla 261 milyar 925 milyon 235 bin dolar ihracat ger\u00e7ekle\u015ftirildi. Faaliyet illerine g\u00f6re ihracatta; Ege B\u00f6lgesi illerinin ihracat\u0131, \u0130zmir\u2019den 23 milyar 817 milyon 180 bin, Manisa\u2019dan 7 milyar 678 milyon 585 bin, Denizli\u2019den 4 milyar 217 milyon 734 bin, Ayd\u0131n\u2019dan 1 milyar 849 milyon 444 bin, Mu\u011fla\u2019dan 1 milyar 296 milyon 49 bin, K\u00fctahya\u2019dan 941 milyon 565 bin, Afyonkarahisar\u2019dan 709 milyon 273 bin, U\u015fak\u2019tan ise 442 milyon 651 bin dolar olarak ger\u00e7ekle\u015fti. Faaliyet illerine g\u00f6re ihracat T\u00fcrkiye s\u0131ralamas\u0131nda; \u0130zmir 3, Manisa 10, Denizli 15, Ayd\u0131n 21, Mu\u011fla 28,  K\u00fctahya 34, Afyonkarahisar 40, U\u015fak ise 46. s\u0131rada yer ald\u0131.<\/p>\n<p>2025 y\u0131l\u0131nda da fuar bereketi s\u00fcrecek<br \/>\n<br \/>\u0130zmir, 2025 y\u0131l\u0131nda da \u00e7ok say\u0131da fuar ve etkinli\u011fe ev sahipli\u011fi yapacak. \u0130ZFA\u015e\u2019\u0131n organizasyonunda ya da farkl\u0131 fuarc\u0131l\u0131k \u015firketleri taraf\u0131ndan Fuarizmir ve K\u00fclt\u00fcrpark\u2019ta 30\u2019un \u00fczerinde fuar ile etkinlik d\u00fczenlenecek. Y\u0131l\u0131n ilk \u00fc\u00e7 ay\u0131nda; HORECA FAIR 6. Uluslararas\u0131 Otel Restourant, Kafe, F\u0131r\u0131n, \u00c7ama\u015f\u0131rhane Ekipmanlar\u0131, A\u011f\u0131rlama ve Konaklama Teknolojileri Fuar\u0131, HORECA FAIR &#8211; EDT Uluslararas\u0131 Ev D\u0131\u015f\u0131 T\u00fcketim \u00dcr\u00fcnleri, Perakende, G\u0131da ve \u0130\u00e7ecek \u00dcr\u00fcnleri, G\u0131da \u0130\u015fleme, Depolama, So\u011futma, Ta\u015f\u0131ma ve Market Ekipmanlar\u0131 Fuar\u0131 ile PACK &amp; PLAST FA\u0130R T\u00dcRK\u0130YE 3. Uluslararas\u0131 Ambalajlama, Paketleme, Plastik End\u00fcstri Ve Teknolojileri Fuar\u0131 22 &#8211; 25 Ocak, 20. AGROEXPO Uluslararas\u0131 Tar\u0131m ve Hayvanc\u0131l\u0131k Fuar\u0131 4 &#8211; 8 \u015eubat, IMATECH &#8211; 3. End\u00fcstriyel \u00dcretim Teknolojileri Fuar\u0131 20 &#8211; 23 \u015eubat, OPT\u0130C WORLD \u0130ZM\u0130R 2. Optik, G\u00f6zl\u00fck, Oftalmoloji ve Teknolojileri Fuar\u0131 21-23 \u015eubat tarihlerinde ger\u00e7ekle\u015ftirilecek. Ayr\u0131ca, FIRST LEGO LEAGUE (FLL) yerel turnuvalar\u0131 15 &#8211; 16 \u015eubat ile 1 &#8211; 2 Mart, ulusal turnuva ise 15 &#8211; 16 Mart\u2019ta ger\u00e7ekle\u015ftirilecek.<\/p>\n<p>Marble \u0130zmir 30 ya\u015f\u0131nda<br \/>\n<br \/>Do\u011fal ta\u015f sekt\u00f6r\u00fcnde d\u00fcnyan\u0131n en \u00f6nemli bulu\u015fmalar\u0131ndan olan ve d\u00fcnya do\u011fal ta\u015f ticaretine y\u00f6n veren Marble \u0130zmir &#8211; Uluslararas\u0131 Do\u011falta\u015f ve Teknolojileri Fuar\u0131, 9 &#8211; 12 Nisan 2025 tarihleri aras\u0131nda 30. kez kap\u0131lar\u0131n\u0131 a\u00e7acak. Binlerce do\u011fal ta\u015f\u0131n ve makinelerin sergilenece\u011fi, sekt\u00f6r\u00fcn \u00f6nemli isimlerinin kat\u0131laca\u011f\u0131 etkinlikleriyle merakla beklenen 30. Marble \u0130zmir Fuar\u0131\u2019na kat\u0131l\u0131mc\u0131lar\u0131n \u015fimdiden yo\u011fun ilgisi var. Marble \u0130zmir, her y\u0131l oldu\u011fu gibi bu y\u0131l da do\u011fal ta\u015f sekt\u00f6r\u00fcn\u00fcn lider firmalar\u0131n\u0131 ve d\u00fcnyan\u0131n d\u00f6rt bir yan\u0131ndan T\u00fcrk do\u011fal ta\u015f\u0131n\u0131 ithal etmek isteyen binlerce profesyonel yabanc\u0131 ziyaret\u00e7iyi a\u011f\u0131rlayacak.<br \/>\n<br \/>Y\u0131l boyunca 94. \u0130zmir Enternasyonal Fuar\u0131\u2019ndan \u0130zmir Kitap Fuar\u0131\u2019na, Logistech &#8211; Lojistik Depolama ve Teknolojileri Fuar\u0131\u2019ndan 19. TTI \u0130zmir Uluslararas\u0131 Turizm Ticaret Fuar ve Kongresi\u2019ne kadar d\u00fczenlenecek fuarlar\u0131n y\u00fcz binlerce ki\u015fiyi a\u011f\u0131rlamas\u0131 bekleniyor. \u0130zmir, fuarlar\u0131yla ve etkinlikleriyle uluslararas\u0131 alanda ad\u0131ndan s\u00f6z ettirirken yeme i\u00e7meden turizme, ula\u015f\u0131mdan konaklamaya kadar t\u00fcm sekt\u00f6rlere katk\u0131 sa\u011flayarak \u015fehrin refah\u0131n\u0131 ve T\u00fcrkiye\u2019nin ihracat\u0131n\u0131 art\u0131rmaya devam edecek.<br \/><\/p>\n","protected":false},"excerpt":{"rendered":"<p>T\u00fcrk fuarc\u0131l\u0131\u011f\u0131n\u0131n ba\u015fkenti \u0130zmir, ge\u00e7ti\u011fimiz y\u0131l d\u00fczenlenen fuarlarda \u00f6nemli bir ba\u015far\u0131ya imza att\u0131. \u0130zmir B\u00fcy\u00fck\u015fehir Belediyesinin ev sahipli\u011finde, \u0130ZFA\u015e\u2019\u0131n organizat\u00f6rl\u00fc\u011f\u00fcnde ve farkl\u0131 fuarc\u0131l\u0131k \u015firketleri taraf\u0131ndan ger\u00e7ekle\u015ftirilen fuarla; y\u00fczlerce kat\u0131l\u0131mc\u0131 firmay\u0131, binlerce sekt\u00f6r profesyonelini ve i\u015f insan\u0131n\u0131 Fuarizmir\u2019de bir araya getirdi. Fuar ve etkinlikler; kent, b\u00f6lge, \u00fclke ekonomisine, ihracata ve istihdama b\u00fcy\u00fck katk\u0131 sa\u011flad\u0131. Fuarizmir ve&#8230;<\/p>\n","protected":false},"author":1,"featured_media":11650,"comment_status":"open","ping_status":"open","sticky":false,"template":"","format":"standard","meta":{"_crdt_document":"","footnotes":""},"categories":[125],"tags":[],"class_list":["post-11649","post","type-post","status-publish","format-standard","has-post-thumbnail","hentry","category-ekonomi"],"_links":{"self":[{"href":"https:\/\/www.egemtv.com\/index.php?rest_route=\/wp\/v2\/posts\/11649","targetHints":{"allow":["GET"]}}],"collection":[{"href":"https:\/\/www.egemtv.com\/index.php?rest_route=\/wp\/v2\/posts"}],"about":[{"href":"https:\/\/www.egemtv.com\/index.php?rest_route=\/wp\/v2\/types\/post"}],"author":[{"embeddable":true,"href":"https:\/\/www.egemtv.com\/index.php?rest_route=\/wp\/v2\/users\/1"}],"replies":[{"embeddable":true,"href":"https:\/\/www.egemtv.com\/index.php?rest_route=%2Fwp%2Fv2%2Fcomments&post=11649"}],"version-history":[{"count":1,"href":"https:\/\/www.egemtv.com\/index.php?rest_route=\/wp\/v2\/posts\/11649\/revisions"}],"predecessor-version":[{"id":11651,"href":"https:\/\/www.egemtv.com\/index.php?rest_route=\/wp\/v2\/posts\/11649\/revisions\/11651"}],"wp:featuredmedia":[{"embeddable":true,"href":"https:\/\/www.egemtv.com\/index.php?rest_route=\/wp\/v2\/media\/11650"}],"wp:attachment":[{"href":"https:\/\/www.egemtv.com\/index.php?rest_route=%2Fwp%2Fv2%2Fmedia&parent=11649"}],"wp:term":[{"taxonomy":"category","embeddable":true,"href":"https:\/\/www.egemtv.com\/index.php?rest_route=%2Fwp%2Fv2%2Fcategories&post=11649"},{"taxonomy":"post_tag","embeddable":true,"href":"https:\/\/www.egemtv.com\/index.php?rest_route=%2Fwp%2Fv2%2Ftags&post=11649"}],"curies":[{"name":"wp","href":"https:\/\/api.w.org\/{rel}","templated":true}]}}