{"id":11646,"date":"2025-01-23T11:20:59","date_gmt":"2025-01-23T08:20:59","guid":{"rendered":"https:\/\/www.egemtv.com\/?p=11646"},"modified":"2025-01-23T11:21:01","modified_gmt":"2025-01-23T08:21:01","slug":"gedizde-manevi-danismandan-ornek-davranis","status":"publish","type":"post","link":"https:\/\/www.egemtv.com\/?p=11646","title":{"rendered":"Gediz\u2019de manevi dan\u0131\u015fmandan \u00f6rnek davran\u0131\u015f"},"content":{"rendered":"<p>K\u00fctahya\u2019n\u0131n Gediz il\u00e7esinde KYK Erkek Yurdunda manevi dan\u0131\u015fman olarak g\u00f6rev yapan Abdullah Bilgin, \u00f6\u011frencilerine g\u00f6sterdi\u011fi fedak\u00e2rl\u0131k ve samimiyetle takdir topluyor.<br \/>\n<br \/>G\u00f6rev s\u00fcresi boyunca \u00f6\u011frencileriyle s\u00fcrekli ileti\u015fim halinde olan ve onlar\u0131n sorunlar\u0131yla yak\u0131ndan ilgilenen Bilgin, ge\u00e7ti\u011fimiz g\u00fcnlerde \u00f6rnek bir davran\u0131\u015f sergiledi. Memleketlerine gitmek i\u00e7in K\u00fctahya yolunda olan ve ara\u00e7lar\u0131 ar\u0131zalanan \u00f6\u011frencilerin yard\u0131m\u0131na ko\u015fan Bilgin, \u00f6\u011frencileri yolda b\u0131rakmad\u0131. Bilgin, kendi arac\u0131yla \u00f6\u011frencileri K\u00fctahya Otogar\u0131\u2019na g\u00f6t\u00fcrerek Ordu\u2019ya hareket edecek otob\u00fcslerine yeti\u015ftirdi. Bu \u00f6rnek davran\u0131\u015f\u0131yla ilgili konu\u015fan Abdullah Bilgin, &#8220;Yolda otob\u00fcs\u00fc ar\u0131za yapan \u00f6\u011frencilerimi yoldan al\u0131p, kendi arac\u0131mla K\u00fctahya Otogar\u0131\u2019nda Ordu\u2019ya hareket etmek \u00fczere olan otob\u00fcslerine yeti\u015ftirdim. Bizde hizmette s\u0131n\u0131r yok, elhamd\u00fclillah. Yol ya da yak\u0131t paras\u0131 bile almadan hizmet ediyorum&#8221; dedi.<br \/><\/p>\n","protected":false},"excerpt":{"rendered":"<p>K\u00fctahya\u2019n\u0131n Gediz il\u00e7esinde KYK Erkek Yurdunda manevi dan\u0131\u015fman olarak g\u00f6rev yapan Abdullah Bilgin, \u00f6\u011frencilerine g\u00f6sterdi\u011fi fedak\u00e2rl\u0131k ve samimiyetle takdir topluyor. G\u00f6rev s\u00fcresi boyunca \u00f6\u011frencileriyle s\u00fcrekli ileti\u015fim halinde olan ve onlar\u0131n sorunlar\u0131yla yak\u0131ndan ilgilenen Bilgin, ge\u00e7ti\u011fimiz g\u00fcnlerde \u00f6rnek bir davran\u0131\u015f sergiledi. Memleketlerine gitmek i\u00e7in K\u00fctahya yolunda olan ve ara\u00e7lar\u0131 ar\u0131zalanan \u00f6\u011frencilerin yard\u0131m\u0131na ko\u015fan Bilgin, \u00f6\u011frencileri yolda&#8230;<\/p>\n","protected":false},"author":1,"featured_media":11647,"comment_status":"open","ping_status":"open","sticky":false,"template":"","format":"standard","meta":{"_crdt_document":"","footnotes":""},"categories":[123],"tags":[],"class_list":["post-11646","post","type-post","status-publish","format-standard","has-post-thumbnail","hentry","category-gundem"],"_links":{"self":[{"href":"https:\/\/www.egemtv.com\/index.php?rest_route=\/wp\/v2\/posts\/11646","targetHints":{"allow":["GET"]}}],"collection":[{"href":"https:\/\/www.egemtv.com\/index.php?rest_route=\/wp\/v2\/posts"}],"about":[{"href":"https:\/\/www.egemtv.com\/index.php?rest_route=\/wp\/v2\/types\/post"}],"author":[{"embeddable":true,"href":"https:\/\/www.egemtv.com\/index.php?rest_route=\/wp\/v2\/users\/1"}],"replies":[{"embeddable":true,"href":"https:\/\/www.egemtv.com\/index.php?rest_route=%2Fwp%2Fv2%2Fcomments&post=11646"}],"version-history":[{"count":1,"href":"https:\/\/www.egemtv.com\/index.php?rest_route=\/wp\/v2\/posts\/11646\/revisions"}],"predecessor-version":[{"id":11648,"href":"https:\/\/www.egemtv.com\/index.php?rest_route=\/wp\/v2\/posts\/11646\/revisions\/11648"}],"wp:featuredmedia":[{"embeddable":true,"href":"https:\/\/www.egemtv.com\/index.php?rest_route=\/wp\/v2\/media\/11647"}],"wp:attachment":[{"href":"https:\/\/www.egemtv.com\/index.php?rest_route=%2Fwp%2Fv2%2Fmedia&parent=11646"}],"wp:term":[{"taxonomy":"category","embeddable":true,"href":"https:\/\/www.egemtv.com\/index.php?rest_route=%2Fwp%2Fv2%2Fcategories&post=11646"},{"taxonomy":"post_tag","embeddable":true,"href":"https:\/\/www.egemtv.com\/index.php?rest_route=%2Fwp%2Fv2%2Ftags&post=11646"}],"curies":[{"name":"wp","href":"https:\/\/api.w.org\/{rel}","templated":true}]}}