{"id":11643,"date":"2025-01-23T11:20:56","date_gmt":"2025-01-23T08:20:56","guid":{"rendered":"https:\/\/www.egemtv.com\/?p=11643"},"modified":"2025-01-23T11:20:58","modified_gmt":"2025-01-23T08:20:58","slug":"baskan-zeyrek-ve-baskan-durbay-esnafin-nabzini-tuttu","status":"publish","type":"post","link":"https:\/\/www.egemtv.com\/?p=11643","title":{"rendered":"Ba\u015fkan Zeyrek ve Ba\u015fkan Durbay esnaf\u0131n nabz\u0131n\u0131 tuttu"},"content":{"rendered":"<p>Manisa B\u00fcy\u00fck\u015fehir Belediye Ba\u015fkan\u0131 Ferdi Zeyrek ve \u015eehzadeler Belediye Ba\u015fkan\u0131 G\u00fcl\u015fah Durbay Kuyumcular ve Ayakkab\u0131c\u0131lar \u00c7ar\u015f\u0131s\u0131\u2019nda esnafla bir araya geldi, talep ve \u00f6nerileri dinledi.<br \/>\n<br \/>Manisa B\u00fcy\u00fck\u015fehir Belediye Ba\u015fkan\u0131 Ferdi Zeyrek ve \u015eehzadeler Belediye Ba\u015fkan\u0131 G\u00fcl\u015fah Durbay, Manisa Kuyumcular \u00c7ar\u015f\u0131s\u0131 ve Ayakkab\u0131c\u0131lar \u00c7ar\u015f\u0131s\u0131\u2019n\u0131 ziyaret ederek esnafla bir araya geldi. Ziyaret kapsam\u0131nda \u00e7ar\u015f\u0131 esnaf\u0131n\u0131 tek tek ziyaret eden ba\u015fkanlar, esnaf\u0131n talep ve \u00f6nerilerini dinledi. Esnafla samimi sohbetler ger\u00e7ekle\u015ftiren Zeyrek ve Durbay, Manisa \u00e7ar\u015f\u0131lar\u0131n\u0131n ekonomik ve k\u00fclt\u00fcrel yap\u0131s\u0131n\u0131 g\u00fc\u00e7lendirmek i\u00e7in fikir al\u0131\u015fveri\u015finde bulundu. Program\u0131n sonunda bir esnaf lokantas\u0131nda yemek yiyen ba\u015fkanlar, ziyaretin ard\u0131ndan esnaf\u0131n yan\u0131nda olmaya devam edeceklerini ve taleplerin de\u011ferlendirilece\u011fini belirtti. Esnaflar, ziyaretten duyduklar\u0131 memnuniyeti dile getirerek ba\u015fkanlara te\u015fekk\u00fcr etti.<br \/><\/p>\n","protected":false},"excerpt":{"rendered":"<p>Manisa B\u00fcy\u00fck\u015fehir Belediye Ba\u015fkan\u0131 Ferdi Zeyrek ve \u015eehzadeler Belediye Ba\u015fkan\u0131 G\u00fcl\u015fah Durbay Kuyumcular ve Ayakkab\u0131c\u0131lar \u00c7ar\u015f\u0131s\u0131\u2019nda esnafla bir araya geldi, talep ve \u00f6nerileri dinledi. Manisa B\u00fcy\u00fck\u015fehir Belediye Ba\u015fkan\u0131 Ferdi Zeyrek ve \u015eehzadeler Belediye Ba\u015fkan\u0131 G\u00fcl\u015fah Durbay, Manisa Kuyumcular \u00c7ar\u015f\u0131s\u0131 ve Ayakkab\u0131c\u0131lar \u00c7ar\u015f\u0131s\u0131\u2019n\u0131 ziyaret ederek esnafla bir araya geldi. Ziyaret kapsam\u0131nda \u00e7ar\u015f\u0131 esnaf\u0131n\u0131 tek tek ziyaret&#8230;<\/p>\n","protected":false},"author":1,"featured_media":11644,"comment_status":"open","ping_status":"open","sticky":false,"template":"","format":"standard","meta":{"_crdt_document":"","footnotes":""},"categories":[127],"tags":[],"class_list":["post-11643","post","type-post","status-publish","format-standard","has-post-thumbnail","hentry","category-siyaset"],"_links":{"self":[{"href":"https:\/\/www.egemtv.com\/index.php?rest_route=\/wp\/v2\/posts\/11643","targetHints":{"allow":["GET"]}}],"collection":[{"href":"https:\/\/www.egemtv.com\/index.php?rest_route=\/wp\/v2\/posts"}],"about":[{"href":"https:\/\/www.egemtv.com\/index.php?rest_route=\/wp\/v2\/types\/post"}],"author":[{"embeddable":true,"href":"https:\/\/www.egemtv.com\/index.php?rest_route=\/wp\/v2\/users\/1"}],"replies":[{"embeddable":true,"href":"https:\/\/www.egemtv.com\/index.php?rest_route=%2Fwp%2Fv2%2Fcomments&post=11643"}],"version-history":[{"count":1,"href":"https:\/\/www.egemtv.com\/index.php?rest_route=\/wp\/v2\/posts\/11643\/revisions"}],"predecessor-version":[{"id":11645,"href":"https:\/\/www.egemtv.com\/index.php?rest_route=\/wp\/v2\/posts\/11643\/revisions\/11645"}],"wp:featuredmedia":[{"embeddable":true,"href":"https:\/\/www.egemtv.com\/index.php?rest_route=\/wp\/v2\/media\/11644"}],"wp:attachment":[{"href":"https:\/\/www.egemtv.com\/index.php?rest_route=%2Fwp%2Fv2%2Fmedia&parent=11643"}],"wp:term":[{"taxonomy":"category","embeddable":true,"href":"https:\/\/www.egemtv.com\/index.php?rest_route=%2Fwp%2Fv2%2Fcategories&post=11643"},{"taxonomy":"post_tag","embeddable":true,"href":"https:\/\/www.egemtv.com\/index.php?rest_route=%2Fwp%2Fv2%2Ftags&post=11643"}],"curies":[{"name":"wp","href":"https:\/\/api.w.org\/{rel}","templated":true}]}}