{"id":11640,"date":"2025-01-23T11:13:15","date_gmt":"2025-01-23T08:13:15","guid":{"rendered":"https:\/\/www.egemtv.com\/?p=11640"},"modified":"2025-01-23T11:13:17","modified_gmt":"2025-01-23T08:13:17","slug":"manisa-sehir-tiyatrosu-sahnesine-ugur-mumcu-ismi-verilecek","status":"publish","type":"post","link":"https:\/\/www.egemtv.com\/?p=11640","title":{"rendered":"Manisa \u015eehir Tiyatrosu Sahnesi\u2019ne U\u011fur Mumcu ismi verilecek"},"content":{"rendered":"<p>Manisa B\u00fcy\u00fck\u015fehir Belediyesi, Yunusemre, \u015eehzadeler belediyeleri ve Atat\u00fcrk\u00e7\u00fc D\u00fc\u015f\u00fcnce Derne\u011fi i\u015f birli\u011fiyle \u00f6zg\u00fcr d\u00fc\u015f\u00fcncenin ve ayd\u0131nlanman\u0131n y\u0131lmaz savunucusu gazeteci, yazar U\u011fur Mumcu\u2019nun aram\u0131zdan ayr\u0131l\u0131\u015f\u0131n\u0131n 32. y\u0131l d\u00f6n\u00fcm\u00fcnde anlaml\u0131 bir anma t\u00f6reni d\u00fczenliyor.<br \/>\n<br \/>25 Ocak Cumartesi g\u00fcn\u00fc saat 15.00\u2019te ba\u015flayacak anma program\u0131, Manisa B\u00fcy\u00fck\u015fehir Belediyesi \u015eehir Tiyatrosu\u2019nda ger\u00e7ekle\u015ftirilecek ve \u015eehir Tiyatrosu Sahnesi\u2019ne U\u011fur Mumcu ismi verilecek.<br \/>\n<br \/>24 Ocak 1993\u2019te Ankara\u2019da arac\u0131na yerle\u015ftirilen bomban\u0131n patlamas\u0131 sonucu hayat\u0131n\u0131 kaybeden U\u011fur Mumcu, yaln\u0131zca gazetecili\u011fiyle de\u011fil, ayn\u0131 zamanda demokrasi, \u00f6zg\u00fcr d\u00fc\u015f\u00fcnce ve hukuk devleti u\u011fruna verdi\u011fi m\u00fccadeleyle de T\u00fcrkiye\u2019nin ayd\u0131nl\u0131k gelece\u011fi i\u00e7in bir simgeydi. Suikast hala ayd\u0131nlat\u0131lamazken aradan ge\u00e7en y\u0131llara kar\u015f\u0131n U\u011fur Mumcu, fikirleriyle ve yazd\u0131klar\u0131yla halk\u0131 ayd\u0131nlatmaya devam ediyor. Mumcu, \u00f6l\u00fcm\u00fcn\u00fcn 32. y\u0131l\u0131nda Manisa\u2019da bir dizi programla an\u0131lacak.<\/p>\n<p>Sergi a\u00e7\u0131lacak<br \/>\n<br \/>Manisa B\u00fcy\u00fck\u015fehir Belediyesi, Yunusemre Belediyesi, \u015eehzadeler Belediyesi ve Atat\u00fcrk\u00e7\u00fc D\u00fc\u015f\u00fcnce Derne\u011fi taraf\u0131ndan organize edilen program kapsam\u0131nda, Manisa B\u00fcy\u00fck\u015fehir Belediyesi \u015eehir Tiyatrosu Sahnesi\u2019ne U\u011fur Mumcu\u2019nun ismi verilecek. Ayr\u0131ca, G\u00fcrsel G\u00f6k\u00e7e\u2019nin &#8220;S\u00f6nmeyen I\u015f\u0131k; U\u011fur Mumcu&#8221; ba\u015fl\u0131kl\u0131 foto\u011fraf sergisi tiyatro fuaye alan\u0131nda ziyarete a\u00e7\u0131lacak. Program, U\u011fur Mumcu\u2019nun foto\u011fraf\u0131n\u0131n sahneye ta\u015f\u0131nmas\u0131yla devam edecek.<br \/>\n<br \/>Program\u0131n di\u011fer \u00f6nemli b\u00f6l\u00fcmleri aras\u0131nda, Nebil \u00d6zgent\u00fcrk\u2019\u00fcn kat\u0131l\u0131m\u0131yla bir s\u00f6yle\u015fi ve U\u011fur Mumcu belgeseli yer al\u0131yor. Ayr\u0131ca, Altan \u00d6ymen\u2019in \u201cU\u011fur Mumcu\u2019lu G\u00fcnler&#8221; ba\u015fl\u0131kl\u0131 konu\u015fmas\u0131 ve Zeynep Oral ile Miyase \u0130lknur\u2019un kat\u0131laca\u011f\u0131 &#8220;Ayd\u0131nlanma Devrimi ve U\u011fur Mumcu&#8221; oturumu programda yer alacak. Eren Aysan ve Okan Toygar\u2019\u0131n y\u00f6netece\u011fi bu oturumlar, kat\u0131l\u0131mc\u0131lara duygusal ve ayd\u0131nlat\u0131c\u0131 bir anma sunmay\u0131 hedefliyor.<br \/>\n<br \/>T\u00fcm Manisal\u0131lar\u0131n davetli oldu\u011fu program, hem U\u011fur Mumcu\u2019nun demokrasi ve \u00f6zg\u00fcr d\u00fc\u015f\u00fcnce u\u011fruna verdi\u011fi m\u00fccadeleyi anmak hem de toplumda ayd\u0131nlanma bilincini canl\u0131 tutmak amac\u0131 ta\u015f\u0131yor.<br \/><\/p>\n","protected":false},"excerpt":{"rendered":"<p>Manisa B\u00fcy\u00fck\u015fehir Belediyesi, Yunusemre, \u015eehzadeler belediyeleri ve Atat\u00fcrk\u00e7\u00fc D\u00fc\u015f\u00fcnce Derne\u011fi i\u015f birli\u011fiyle \u00f6zg\u00fcr d\u00fc\u015f\u00fcncenin ve ayd\u0131nlanman\u0131n y\u0131lmaz savunucusu gazeteci, yazar U\u011fur Mumcu\u2019nun aram\u0131zdan ayr\u0131l\u0131\u015f\u0131n\u0131n 32. y\u0131l d\u00f6n\u00fcm\u00fcnde anlaml\u0131 bir anma t\u00f6reni d\u00fczenliyor. 25 Ocak Cumartesi g\u00fcn\u00fc saat 15.00\u2019te ba\u015flayacak anma program\u0131, Manisa B\u00fcy\u00fck\u015fehir Belediyesi \u015eehir Tiyatrosu\u2019nda ger\u00e7ekle\u015ftirilecek ve \u015eehir Tiyatrosu Sahnesi\u2019ne U\u011fur Mumcu ismi verilecek&#8230;.<\/p>\n","protected":false},"author":1,"featured_media":11641,"comment_status":"open","ping_status":"open","sticky":false,"template":"","format":"standard","meta":{"_crdt_document":"","footnotes":""},"categories":[1],"tags":[],"class_list":["post-11640","post","type-post","status-publish","format-standard","has-post-thumbnail","hentry","category-guncel"],"_links":{"self":[{"href":"https:\/\/www.egemtv.com\/index.php?rest_route=\/wp\/v2\/posts\/11640","targetHints":{"allow":["GET"]}}],"collection":[{"href":"https:\/\/www.egemtv.com\/index.php?rest_route=\/wp\/v2\/posts"}],"about":[{"href":"https:\/\/www.egemtv.com\/index.php?rest_route=\/wp\/v2\/types\/post"}],"author":[{"embeddable":true,"href":"https:\/\/www.egemtv.com\/index.php?rest_route=\/wp\/v2\/users\/1"}],"replies":[{"embeddable":true,"href":"https:\/\/www.egemtv.com\/index.php?rest_route=%2Fwp%2Fv2%2Fcomments&post=11640"}],"version-history":[{"count":1,"href":"https:\/\/www.egemtv.com\/index.php?rest_route=\/wp\/v2\/posts\/11640\/revisions"}],"predecessor-version":[{"id":11642,"href":"https:\/\/www.egemtv.com\/index.php?rest_route=\/wp\/v2\/posts\/11640\/revisions\/11642"}],"wp:featuredmedia":[{"embeddable":true,"href":"https:\/\/www.egemtv.com\/index.php?rest_route=\/wp\/v2\/media\/11641"}],"wp:attachment":[{"href":"https:\/\/www.egemtv.com\/index.php?rest_route=%2Fwp%2Fv2%2Fmedia&parent=11640"}],"wp:term":[{"taxonomy":"category","embeddable":true,"href":"https:\/\/www.egemtv.com\/index.php?rest_route=%2Fwp%2Fv2%2Fcategories&post=11640"},{"taxonomy":"post_tag","embeddable":true,"href":"https:\/\/www.egemtv.com\/index.php?rest_route=%2Fwp%2Fv2%2Ftags&post=11640"}],"curies":[{"name":"wp","href":"https:\/\/api.w.org\/{rel}","templated":true}]}}