{"id":11637,"date":"2025-01-23T11:11:11","date_gmt":"2025-01-23T08:11:11","guid":{"rendered":"https:\/\/www.egemtv.com\/?p=11637"},"modified":"2025-01-23T11:11:12","modified_gmt":"2025-01-23T08:11:12","slug":"izmirde-kuraklik-tehlikesi-barajlarda-su-miktari-kritik-seviyede","status":"publish","type":"post","link":"https:\/\/www.egemtv.com\/?p=11637","title":{"rendered":"\u0130zmir\u2019de kurakl\u0131k tehlikesi; barajlarda su miktar\u0131 kritik seviyede"},"content":{"rendered":"<p>\u0130zmir\u2019de son g\u00fcnlerde etkili olan ya\u011f\u0131\u015flara ra\u011fmen barajlardaki doluluk oranlar\u0131 endi\u015fe veriyor. Kentin i\u00e7me suyu ihtiyac\u0131n\u0131 kar\u015f\u0131layan Tahtal\u0131 Baraj\u0131\u2019nda su miktar\u0131 y\u00fczde 14 seviyelerine kadar geriledi.<br \/>\n<br \/>\u0130zmir\u2019de son y\u0131llarda azalan ya\u011f\u0131\u015flar barajlardaki su seviyelerinin d\u00fc\u015fmesine neden oldu. Ge\u00e7en y\u0131l\u0131n ayn\u0131 d\u00f6nemine g\u00f6re barajlardaki doluluk oranlar\u0131 ar\u0131s\u0131ndaki farklar susuzluk tehlikesini ortaya \u00e7\u0131kard\u0131. \u0130zmir Su ve Kanalizasyon \u0130daresi Genel M\u00fcd\u00fcrl\u00fc\u011f\u00fc (\u0130ZSU) verilerine g\u00f6re, kentin i\u00e7me suyu ihtiyac\u0131n\u0131 kar\u015f\u0131layan Tahtal\u0131 Baraj\u0131\u2019nda su miktar\u0131 y\u00fczde 14 seviyelerine kadar geriledi. Ge\u00e7en y\u0131l\u0131n ayn\u0131 d\u00f6neminde su seviyesi y\u00fczde 32 olarak \u00f6l\u00e7\u00fclm\u00fc\u015ft\u00fc.<br \/>\n<br \/>Bal\u00e7ova Baraj\u0131\u2019nda ge\u00e7en y\u0131l ocak ay\u0131nda doluluk oran\u0131 y\u00fczde 58 iken, bug\u00fcn y\u00fczde 25\u2019e d\u00fc\u015ft\u00fc. G\u00fczelhisar Baraj\u0131, ge\u00e7en y\u0131l ocak ay\u0131nda y\u00fczde 85.23 oranla su seviyesi en y\u00fcksek baraj olurken, bu y\u0131l doluluk oran\u0131 y\u00fczde 70\u2019e geriledi. Ala\u00e7at\u0131 Kutlu Akta\u015f Baraj\u0131\u2019nda ise ge\u00e7en senenin ayn\u0131 d\u00f6neminde y\u00fczde 36 olan su seviyesi, bu y\u0131l y\u00fczde 21\u2019e d\u00fc\u015ft\u00fc.<br \/>\n<br \/>Doluluk oran\u0131 artan tek baraj \u00dcrkmez Baraj\u0131 oldu. Ge\u00e7en y\u0131l ocak ay\u0131nda y\u00fczde 35 olarak \u00f6l\u00e7\u00fclen seviye, bu y\u0131l\u0131n ayn\u0131 d\u00f6neminde y\u00fczde 39\u2019a y\u00fckseldi.<br \/>\n<br \/>Bu arada, uzman de\u011ferlendirmelerine g\u00f6re 2025 y\u0131l\u0131nda ciddi ve g\u00fczel ya\u011f\u0131\u015flar beklense de ne yaz\u0131kki barajlar\u0131 yeterli miktarda doldurmayaca\u011f\u0131 ifade ediliyor.<br \/><\/p>\n","protected":false},"excerpt":{"rendered":"<p>\u0130zmir\u2019de son g\u00fcnlerde etkili olan ya\u011f\u0131\u015flara ra\u011fmen barajlardaki doluluk oranlar\u0131 endi\u015fe veriyor. Kentin i\u00e7me suyu ihtiyac\u0131n\u0131 kar\u015f\u0131layan Tahtal\u0131 Baraj\u0131\u2019nda su miktar\u0131 y\u00fczde 14 seviyelerine kadar geriledi. \u0130zmir\u2019de son y\u0131llarda azalan ya\u011f\u0131\u015flar barajlardaki su seviyelerinin d\u00fc\u015fmesine neden oldu. Ge\u00e7en y\u0131l\u0131n ayn\u0131 d\u00f6nemine g\u00f6re barajlardaki doluluk oranlar\u0131 ar\u0131s\u0131ndaki farklar susuzluk tehlikesini ortaya \u00e7\u0131kard\u0131. \u0130zmir Su ve Kanalizasyon&#8230;<\/p>\n","protected":false},"author":1,"featured_media":11638,"comment_status":"open","ping_status":"open","sticky":false,"template":"","format":"standard","meta":{"_crdt_document":"","footnotes":""},"categories":[1],"tags":[],"class_list":["post-11637","post","type-post","status-publish","format-standard","has-post-thumbnail","hentry","category-guncel"],"_links":{"self":[{"href":"https:\/\/www.egemtv.com\/index.php?rest_route=\/wp\/v2\/posts\/11637","targetHints":{"allow":["GET"]}}],"collection":[{"href":"https:\/\/www.egemtv.com\/index.php?rest_route=\/wp\/v2\/posts"}],"about":[{"href":"https:\/\/www.egemtv.com\/index.php?rest_route=\/wp\/v2\/types\/post"}],"author":[{"embeddable":true,"href":"https:\/\/www.egemtv.com\/index.php?rest_route=\/wp\/v2\/users\/1"}],"replies":[{"embeddable":true,"href":"https:\/\/www.egemtv.com\/index.php?rest_route=%2Fwp%2Fv2%2Fcomments&post=11637"}],"version-history":[{"count":1,"href":"https:\/\/www.egemtv.com\/index.php?rest_route=\/wp\/v2\/posts\/11637\/revisions"}],"predecessor-version":[{"id":11639,"href":"https:\/\/www.egemtv.com\/index.php?rest_route=\/wp\/v2\/posts\/11637\/revisions\/11639"}],"wp:featuredmedia":[{"embeddable":true,"href":"https:\/\/www.egemtv.com\/index.php?rest_route=\/wp\/v2\/media\/11638"}],"wp:attachment":[{"href":"https:\/\/www.egemtv.com\/index.php?rest_route=%2Fwp%2Fv2%2Fmedia&parent=11637"}],"wp:term":[{"taxonomy":"category","embeddable":true,"href":"https:\/\/www.egemtv.com\/index.php?rest_route=%2Fwp%2Fv2%2Fcategories&post=11637"},{"taxonomy":"post_tag","embeddable":true,"href":"https:\/\/www.egemtv.com\/index.php?rest_route=%2Fwp%2Fv2%2Ftags&post=11637"}],"curies":[{"name":"wp","href":"https:\/\/api.w.org\/{rel}","templated":true}]}}