{"id":11634,"date":"2025-01-23T11:06:58","date_gmt":"2025-01-23T08:06:58","guid":{"rendered":"https:\/\/www.egemtv.com\/?p=11634"},"modified":"2025-01-23T11:07:00","modified_gmt":"2025-01-23T08:07:00","slug":"denizli-emekli-evim-hizmete-aciliyor","status":"publish","type":"post","link":"https:\/\/www.egemtv.com\/?p=11634","title":{"rendered":"Denizli Emekli Evim hizmete a\u00e7\u0131l\u0131yor"},"content":{"rendered":"<p>Denizli B\u00fcy\u00fck\u015fehir Belediyesi, emeklilerin sosyalle\u015febilece\u011fi ve kaliteli zaman ge\u00e7irebilece\u011fi kentin ilk emekli evini 24 Ocak Cuma g\u00fcn\u00fc hizmete a\u00e7\u0131yor. Ba\u015fkan \u00c7avu\u015fo\u011flu, Emekli Evim\u2019in a\u00e7\u0131l\u0131\u015f\u0131na emeklileri ve halk\u0131 davet etti.<br \/>\n<br \/>Denizli B\u00fcy\u00fck\u015fehir Belediye Ba\u015fkan\u0131 B\u00fclent Nuri \u00c7avu\u015fo\u011flu\u2019nun emekli yurtta\u015flara y\u00f6nelik haz\u0131rlad\u0131\u011f\u0131 kentin ilk Emekli Evim\u2019in resmi a\u00e7\u0131l\u0131\u015f program\u0131 24 Ocak 2025 Cuma g\u00fcn\u00fc saat 12.00\u2019de ger\u00e7ekle\u015ftirilecek. Emekli Evim, Alt\u0131ntop Mahallesi Meserret b\u00f6lgesinde bulunan Denizli Kona\u011f\u0131\u2019nda hizmet verecek. Ge\u00e7im s\u0131k\u0131nt\u0131s\u0131 \u00e7eken ve enflasyon alt\u0131nda ezilen emeklilerin keyifli ve sa\u011fl\u0131kl\u0131 bir ya\u015fam s\u00fcrmeleri i\u00e7in gayret ettiklerini belirten Denizli B\u00fcy\u00fck\u015fehir Belediye Ba\u015fkan\u0131 B\u00fclent Nuri \u00c7avu\u015fo\u011flu, emeklilerin sosyal aktivitelerini art\u0131racak ve onlara g\u00fcnl\u00fck ya\u015famda daha aktif roller alabilecekleri bir ortam haz\u0131rlaman\u0131n mutlulu\u011funu ya\u015fad\u0131klar\u0131n\u0131 kaydetti.<\/p>\n<p>\u201cY\u00fcz\u00fc g\u00fclen emeklilerimiz olsun\u201d<br \/>\n<br \/>Kentin t\u00fcm payda\u015flar\u0131na sahip \u00e7\u0131kmaya devam ettiklerini belirten Ba\u015fkan \u00c7avu\u015fo\u011flu, \u201cT\u00fcm derdimiz Denizli\u2019de y\u00fcz\u00fc g\u00fclen b\u00fcy\u00fcklerimiz, emeklilerimiz olsun, ekonomik krizin y\u00fck\u00fcn\u00fc biraz olsun onlar\u0131n \u00fczerinden ald\u0131\u011f\u0131m\u0131z emeklilerimiz olsun.  Bu \u015fiarla, bu hevesle \u00e7al\u0131\u015fmaya devam edece\u011fiz. T\u00fcm emeklilerimizi ve halk\u0131m\u0131z\u0131 yapaca\u011f\u0131m\u0131z a\u00e7\u0131l\u0131\u015f t\u00f6renimize davet ediyorum\u201d ifadelerini kulland\u0131.<br \/><\/p>\n","protected":false},"excerpt":{"rendered":"<p>Denizli B\u00fcy\u00fck\u015fehir Belediyesi, emeklilerin sosyalle\u015febilece\u011fi ve kaliteli zaman ge\u00e7irebilece\u011fi kentin ilk emekli evini 24 Ocak Cuma g\u00fcn\u00fc hizmete a\u00e7\u0131yor. Ba\u015fkan \u00c7avu\u015fo\u011flu, Emekli Evim\u2019in a\u00e7\u0131l\u0131\u015f\u0131na emeklileri ve halk\u0131 davet etti. Denizli B\u00fcy\u00fck\u015fehir Belediye Ba\u015fkan\u0131 B\u00fclent Nuri \u00c7avu\u015fo\u011flu\u2019nun emekli yurtta\u015flara y\u00f6nelik haz\u0131rlad\u0131\u011f\u0131 kentin ilk Emekli Evim\u2019in resmi a\u00e7\u0131l\u0131\u015f program\u0131 24 Ocak 2025 Cuma g\u00fcn\u00fc saat 12.00\u2019de ger\u00e7ekle\u015ftirilecek&#8230;.<\/p>\n","protected":false},"author":1,"featured_media":11635,"comment_status":"open","ping_status":"open","sticky":false,"template":"","format":"standard","meta":{"_crdt_document":"","footnotes":""},"categories":[127],"tags":[],"class_list":["post-11634","post","type-post","status-publish","format-standard","has-post-thumbnail","hentry","category-siyaset"],"_links":{"self":[{"href":"https:\/\/www.egemtv.com\/index.php?rest_route=\/wp\/v2\/posts\/11634","targetHints":{"allow":["GET"]}}],"collection":[{"href":"https:\/\/www.egemtv.com\/index.php?rest_route=\/wp\/v2\/posts"}],"about":[{"href":"https:\/\/www.egemtv.com\/index.php?rest_route=\/wp\/v2\/types\/post"}],"author":[{"embeddable":true,"href":"https:\/\/www.egemtv.com\/index.php?rest_route=\/wp\/v2\/users\/1"}],"replies":[{"embeddable":true,"href":"https:\/\/www.egemtv.com\/index.php?rest_route=%2Fwp%2Fv2%2Fcomments&post=11634"}],"version-history":[{"count":1,"href":"https:\/\/www.egemtv.com\/index.php?rest_route=\/wp\/v2\/posts\/11634\/revisions"}],"predecessor-version":[{"id":11636,"href":"https:\/\/www.egemtv.com\/index.php?rest_route=\/wp\/v2\/posts\/11634\/revisions\/11636"}],"wp:featuredmedia":[{"embeddable":true,"href":"https:\/\/www.egemtv.com\/index.php?rest_route=\/wp\/v2\/media\/11635"}],"wp:attachment":[{"href":"https:\/\/www.egemtv.com\/index.php?rest_route=%2Fwp%2Fv2%2Fmedia&parent=11634"}],"wp:term":[{"taxonomy":"category","embeddable":true,"href":"https:\/\/www.egemtv.com\/index.php?rest_route=%2Fwp%2Fv2%2Fcategories&post=11634"},{"taxonomy":"post_tag","embeddable":true,"href":"https:\/\/www.egemtv.com\/index.php?rest_route=%2Fwp%2Fv2%2Ftags&post=11634"}],"curies":[{"name":"wp","href":"https:\/\/api.w.org\/{rel}","templated":true}]}}