{"id":11631,"date":"2025-01-23T11:01:22","date_gmt":"2025-01-23T08:01:22","guid":{"rendered":"https:\/\/www.egemtv.com\/?p=11631"},"modified":"2025-01-23T11:01:23","modified_gmt":"2025-01-23T08:01:23","slug":"2024-yilinda-gedizde-471-konut-satisi-yapildi","status":"publish","type":"post","link":"https:\/\/www.egemtv.com\/?p=11631","title":{"rendered":"2024 y\u0131l\u0131nda Gediz\u2019de 471 konut sat\u0131\u015f\u0131 yap\u0131ld\u0131"},"content":{"rendered":"<p>K\u00fctahya\u2019n\u0131n Gediz il\u00e7esinde T\u00fcrkiye \u0130statistik Kurumu (T\u00dc\u0130K) verilerine g\u00f6re, 2024 y\u0131l\u0131 boyunca toplam 471 konut sat\u0131\u015f\u0131 ger\u00e7ekle\u015ftirildi. Bu sat\u0131\u015flar\u0131n 21\u2019i ipotekli, 450\u2019si ise di\u011fer sat\u0131\u015f kategorisinde yer ald\u0131. \u0130l\u00e7e genelinde 173 ilk el sat\u0131\u015f ve 279 ikinci el sat\u0131\u015f yap\u0131ld\u0131\u011f\u0131 kaydedildi.<br \/>\n<br \/>2023 y\u0131l\u0131na bak\u0131ld\u0131\u011f\u0131nda, Gediz\u2019de toplamda 472 konut sat\u0131\u015f\u0131 ger\u00e7ekle\u015fmi\u015fti. Bu sat\u0131\u015flar\u0131n 57\u2019si ipotekli, 415\u2019i ise di\u011fer sat\u0131\u015f olarak kaydedilmi\u015fti. Ayr\u0131ca, 219 ilk el sat\u0131\u015f ve 253 ikinci el sat\u0131\u015f yap\u0131lm\u0131\u015ft\u0131. 2024 y\u0131l\u0131, toplam sat\u0131\u015f say\u0131s\u0131 bak\u0131m\u0131ndan bir \u00f6nceki y\u0131la olduk\u00e7a yak\u0131n bir performans g\u00f6sterirken, \u00f6zellikle ipotekli sat\u0131\u015flar\u0131n ciddi \u015fekilde azald\u0131\u011f\u0131 g\u00f6zlemlendi.<br \/>\n<br \/>2024 y\u0131l\u0131 boyunca Gediz\u2019de konut sat\u0131\u015flar\u0131 ayl\u0131k olarak de\u011fi\u015fiklik g\u00f6sterdi. Ocak ay\u0131nda 40, \u015eubat ay\u0131nda 26, Mart ay\u0131nda 30, Nisan ay\u0131nda 26, May\u0131s ay\u0131nda 23, Temmuz ay\u0131nda 48, A\u011fustos ay\u0131nda 68, Eyl\u00fcl ay\u0131nda 55, Ekim ay\u0131nda 65, Kas\u0131m ay\u0131nda 46 ve Aral\u0131k ay\u0131nda 44 konut sat\u0131\u015f\u0131 ger\u00e7ekle\u015ftirildi. Haziran ay\u0131nda ise herhangi bir konut sat\u0131\u015f\u0131 yap\u0131lmad\u0131. A\u011fustos, 68 sat\u0131\u015f ile y\u0131l\u0131n en hareketli ay\u0131 olurken, Haziran ay\u0131nda sat\u0131\u015f yap\u0131lmamas\u0131 dikkat \u00e7ekti.<br \/><\/p>\n","protected":false},"excerpt":{"rendered":"<p>K\u00fctahya\u2019n\u0131n Gediz il\u00e7esinde T\u00fcrkiye \u0130statistik Kurumu (T\u00dc\u0130K) verilerine g\u00f6re, 2024 y\u0131l\u0131 boyunca toplam 471 konut sat\u0131\u015f\u0131 ger\u00e7ekle\u015ftirildi. Bu sat\u0131\u015flar\u0131n 21\u2019i ipotekli, 450\u2019si ise di\u011fer sat\u0131\u015f kategorisinde yer ald\u0131. \u0130l\u00e7e genelinde 173 ilk el sat\u0131\u015f ve 279 ikinci el sat\u0131\u015f yap\u0131ld\u0131\u011f\u0131 kaydedildi. 2023 y\u0131l\u0131na bak\u0131ld\u0131\u011f\u0131nda, Gediz\u2019de toplamda 472 konut sat\u0131\u015f\u0131 ger\u00e7ekle\u015fmi\u015fti. Bu sat\u0131\u015flar\u0131n 57\u2019si ipotekli, 415\u2019i&#8230;<\/p>\n","protected":false},"author":1,"featured_media":11632,"comment_status":"open","ping_status":"open","sticky":false,"template":"","format":"standard","meta":{"_crdt_document":"","footnotes":""},"categories":[125],"tags":[],"class_list":["post-11631","post","type-post","status-publish","format-standard","has-post-thumbnail","hentry","category-ekonomi"],"_links":{"self":[{"href":"https:\/\/www.egemtv.com\/index.php?rest_route=\/wp\/v2\/posts\/11631","targetHints":{"allow":["GET"]}}],"collection":[{"href":"https:\/\/www.egemtv.com\/index.php?rest_route=\/wp\/v2\/posts"}],"about":[{"href":"https:\/\/www.egemtv.com\/index.php?rest_route=\/wp\/v2\/types\/post"}],"author":[{"embeddable":true,"href":"https:\/\/www.egemtv.com\/index.php?rest_route=\/wp\/v2\/users\/1"}],"replies":[{"embeddable":true,"href":"https:\/\/www.egemtv.com\/index.php?rest_route=%2Fwp%2Fv2%2Fcomments&post=11631"}],"version-history":[{"count":1,"href":"https:\/\/www.egemtv.com\/index.php?rest_route=\/wp\/v2\/posts\/11631\/revisions"}],"predecessor-version":[{"id":11633,"href":"https:\/\/www.egemtv.com\/index.php?rest_route=\/wp\/v2\/posts\/11631\/revisions\/11633"}],"wp:featuredmedia":[{"embeddable":true,"href":"https:\/\/www.egemtv.com\/index.php?rest_route=\/wp\/v2\/media\/11632"}],"wp:attachment":[{"href":"https:\/\/www.egemtv.com\/index.php?rest_route=%2Fwp%2Fv2%2Fmedia&parent=11631"}],"wp:term":[{"taxonomy":"category","embeddable":true,"href":"https:\/\/www.egemtv.com\/index.php?rest_route=%2Fwp%2Fv2%2Fcategories&post=11631"},{"taxonomy":"post_tag","embeddable":true,"href":"https:\/\/www.egemtv.com\/index.php?rest_route=%2Fwp%2Fv2%2Ftags&post=11631"}],"curies":[{"name":"wp","href":"https:\/\/api.w.org\/{rel}","templated":true}]}}