{"id":11598,"date":"2025-01-23T10:31:25","date_gmt":"2025-01-23T07:31:25","guid":{"rendered":"https:\/\/www.egemtv.com\/?p=11598"},"modified":"2025-01-23T10:31:27","modified_gmt":"2025-01-23T07:31:27","slug":"sehzadeler-belediyesi-u13-cupta-sampiyon-manisaspor","status":"publish","type":"post","link":"https:\/\/www.egemtv.com\/?p=11598","title":{"rendered":"\u015eehzadeler Belediyesi U13 Cup\u2019ta \u015fampiyon Manisaspor"},"content":{"rendered":"<p>\u015eehzadeler Belediyesi\u2019nin d\u00fczenledi\u011fi U13 Cup Futbol Turnuvas\u0131, Karaa\u011fa\u00e7l\u0131 Futbol Sahas\u0131\u2019nda nefes kesen m\u00fccadelelere sahne oldu. Manisaspor U13 tak\u0131m\u0131 \u015fampiyonluk kupas\u0131n\u0131 kald\u0131r\u0131rken, turnuvaya kat\u0131lan gen\u00e7 yetenekler performanslar\u0131yla g\u00f6z doldurdu.<br \/>\n<br \/>Manisa\u2019da futbol heyecan\u0131 \u015eehzadeler Belediyesi\u2019nin d\u00fczenledi\u011fi U13 Cup Turnuvas\u0131 ile doru\u011fa \u00e7\u0131kt\u0131. Karaa\u011fa\u00e7l\u0131 Futbol Sahas\u0131\u2019nda ger\u00e7ekle\u015fen turnuvaya Yunusemre Belediye Spor, Mavita\u015f Spor, Akhisar Y\u0131ld\u0131r\u0131m Spor ve Manisaspor U13 tak\u0131mlar\u0131 kat\u0131ld\u0131.Turnuva boyunca gen\u00e7 sporcular, k\u0131yas\u0131ya m\u00fccadelelerle seyircilerin b\u00fcy\u00fck be\u011fenisini kazand\u0131. K\u0131ran k\u0131rana ge\u00e7en organizasyonda \u015fampiyonluk ipini g\u00f6\u011f\u00fcsleyen tak\u0131m Manisaspor oldu. \u0130kincili\u011fi Mavita\u015f Spor al\u0131rken, Akhisar Y\u0131ld\u0131r\u0131m Spor \u00fc\u00e7\u00fcnc\u00fc, Yunusemre Belediye Spor ise d\u00f6rd\u00fcnc\u00fc s\u0131rada yer ald\u0131.<br \/>\n<br \/>Turnuva sonunda dereceye giren tak\u0131mlar kupalar\u0131n\u0131, \u015eehzadeler Belediyesi Spor Kul\u00fcb\u00fc Ba\u015fkan\u0131 ve Belediye Meclis \u00dcyesi G\u00f6kay Budak\u2019\u0131n elinden ald\u0131. Budak, gen\u00e7 sporcular\u0131 tebrik ederek, turnuvan\u0131n bir spor \u015f\u00f6lenine d\u00f6n\u00fc\u015ft\u00fc\u011f\u00fcn\u00fc ve yetenekli futbolcular\u0131n gelecekte b\u00fcy\u00fck ba\u015far\u0131lara imza ataca\u011f\u0131na inand\u0131\u011f\u0131n\u0131 belirtti.<br \/><\/p>\n","protected":false},"excerpt":{"rendered":"<p>\u015eehzadeler Belediyesi\u2019nin d\u00fczenledi\u011fi U13 Cup Futbol Turnuvas\u0131, Karaa\u011fa\u00e7l\u0131 Futbol Sahas\u0131\u2019nda nefes kesen m\u00fccadelelere sahne oldu. Manisaspor U13 tak\u0131m\u0131 \u015fampiyonluk kupas\u0131n\u0131 kald\u0131r\u0131rken, turnuvaya kat\u0131lan gen\u00e7 yetenekler performanslar\u0131yla g\u00f6z doldurdu. Manisa\u2019da futbol heyecan\u0131 \u015eehzadeler Belediyesi\u2019nin d\u00fczenledi\u011fi U13 Cup Turnuvas\u0131 ile doru\u011fa \u00e7\u0131kt\u0131. Karaa\u011fa\u00e7l\u0131 Futbol Sahas\u0131\u2019nda ger\u00e7ekle\u015fen turnuvaya Yunusemre Belediye Spor, Mavita\u015f Spor, Akhisar Y\u0131ld\u0131r\u0131m Spor ve Manisaspor&#8230;<\/p>\n","protected":false},"author":1,"featured_media":11599,"comment_status":"open","ping_status":"open","sticky":false,"template":"","format":"standard","meta":{"_crdt_document":"","footnotes":""},"categories":[4],"tags":[],"class_list":["post-11598","post","type-post","status-publish","format-standard","has-post-thumbnail","hentry","category-spor"],"_links":{"self":[{"href":"https:\/\/www.egemtv.com\/index.php?rest_route=\/wp\/v2\/posts\/11598","targetHints":{"allow":["GET"]}}],"collection":[{"href":"https:\/\/www.egemtv.com\/index.php?rest_route=\/wp\/v2\/posts"}],"about":[{"href":"https:\/\/www.egemtv.com\/index.php?rest_route=\/wp\/v2\/types\/post"}],"author":[{"embeddable":true,"href":"https:\/\/www.egemtv.com\/index.php?rest_route=\/wp\/v2\/users\/1"}],"replies":[{"embeddable":true,"href":"https:\/\/www.egemtv.com\/index.php?rest_route=%2Fwp%2Fv2%2Fcomments&post=11598"}],"version-history":[{"count":1,"href":"https:\/\/www.egemtv.com\/index.php?rest_route=\/wp\/v2\/posts\/11598\/revisions"}],"predecessor-version":[{"id":11600,"href":"https:\/\/www.egemtv.com\/index.php?rest_route=\/wp\/v2\/posts\/11598\/revisions\/11600"}],"wp:featuredmedia":[{"embeddable":true,"href":"https:\/\/www.egemtv.com\/index.php?rest_route=\/wp\/v2\/media\/11599"}],"wp:attachment":[{"href":"https:\/\/www.egemtv.com\/index.php?rest_route=%2Fwp%2Fv2%2Fmedia&parent=11598"}],"wp:term":[{"taxonomy":"category","embeddable":true,"href":"https:\/\/www.egemtv.com\/index.php?rest_route=%2Fwp%2Fv2%2Fcategories&post=11598"},{"taxonomy":"post_tag","embeddable":true,"href":"https:\/\/www.egemtv.com\/index.php?rest_route=%2Fwp%2Fv2%2Ftags&post=11598"}],"curies":[{"name":"wp","href":"https:\/\/api.w.org\/{rel}","templated":true}]}}