{"id":11595,"date":"2025-01-23T10:26:23","date_gmt":"2025-01-23T07:26:23","guid":{"rendered":"https:\/\/www.egemtv.com\/?p=11595"},"modified":"2025-01-23T10:26:25","modified_gmt":"2025-01-23T07:26:25","slug":"yunusemrede-sokaklar-yenileniyor","status":"publish","type":"post","link":"https:\/\/www.egemtv.com\/?p=11595","title":{"rendered":"Yunusemre\u2019de sokaklar yenileniyor"},"content":{"rendered":"<p>\u0130l\u00e7e genelinde sokak bak\u0131m \u00e7al\u0131\u015fmalar\u0131n\u0131 s\u00fcrd\u00fcren Yunusemre Belediyesi, Uzunburun, Asmac\u0131k ve Osmancal\u0131 Mahallesi sokaklar\u0131na kilitli parke ta\u015f\u0131 d\u00f6\u015f\u00fcyor.<br \/>\n<br \/>Yunusemre sakinlerinin konforlu ve g\u00fcvenli bir ula\u015f\u0131ma kavu\u015fmas\u0131 i\u00e7in Yunusemre Belediyesi Fen \u0130\u015fleri M\u00fcd\u00fcrl\u00fc\u011f\u00fc ekipleri sokak \u00e7al\u0131\u015fmalar\u0131na devam ediyor. \u0130l\u00e7enin merkez mahallelerinde kilitli parke ta\u015f\u0131 d\u00f6\u015feyen belediye ekipleri, k\u0131rsal mahallelerde de \u00e7al\u0131\u015fmalar yap\u0131yor. Hali haz\u0131rda ekipler Uzunburun, Asmac\u0131k ve Osmancal\u0131 da kilitli parke ta\u015f\u0131 d\u00f6\u015femeye devam ediyor. Yap\u0131lan \u00e7al\u0131\u015fmalarla birlikte sokaklar g\u00fcvenli ve daha konforlu olurken, ayn\u0131 zamanda estetik bir g\u00f6r\u00fcn\u00fcme kavu\u015fuyor. Vatanda\u015f\u0131n huzur ve mutlulu\u011fu i\u00e7in \u00e7al\u0131\u015fmalar\u0131n yap\u0131ld\u0131\u011f\u0131n\u0131 belirten Belediye Ba\u015fkan\u0131 Balaban, sokak g\u00fczelle\u015ftirme \u00e7al\u0131\u015fmalar\u0131n\u0131n il\u00e7e genelinde devam edece\u011fini belirtti.<br \/><\/p>\n","protected":false},"excerpt":{"rendered":"<p>\u0130l\u00e7e genelinde sokak bak\u0131m \u00e7al\u0131\u015fmalar\u0131n\u0131 s\u00fcrd\u00fcren Yunusemre Belediyesi, Uzunburun, Asmac\u0131k ve Osmancal\u0131 Mahallesi sokaklar\u0131na kilitli parke ta\u015f\u0131 d\u00f6\u015f\u00fcyor. Yunusemre sakinlerinin konforlu ve g\u00fcvenli bir ula\u015f\u0131ma kavu\u015fmas\u0131 i\u00e7in Yunusemre Belediyesi Fen \u0130\u015fleri M\u00fcd\u00fcrl\u00fc\u011f\u00fc ekipleri sokak \u00e7al\u0131\u015fmalar\u0131na devam ediyor. \u0130l\u00e7enin merkez mahallelerinde kilitli parke ta\u015f\u0131 d\u00f6\u015feyen belediye ekipleri, k\u0131rsal mahallelerde de \u00e7al\u0131\u015fmalar yap\u0131yor. Hali haz\u0131rda ekipler Uzunburun,&#8230;<\/p>\n","protected":false},"author":1,"featured_media":11596,"comment_status":"open","ping_status":"open","sticky":false,"template":"","format":"standard","meta":{"_crdt_document":"","footnotes":""},"categories":[1],"tags":[],"class_list":["post-11595","post","type-post","status-publish","format-standard","has-post-thumbnail","hentry","category-guncel"],"_links":{"self":[{"href":"https:\/\/www.egemtv.com\/index.php?rest_route=\/wp\/v2\/posts\/11595","targetHints":{"allow":["GET"]}}],"collection":[{"href":"https:\/\/www.egemtv.com\/index.php?rest_route=\/wp\/v2\/posts"}],"about":[{"href":"https:\/\/www.egemtv.com\/index.php?rest_route=\/wp\/v2\/types\/post"}],"author":[{"embeddable":true,"href":"https:\/\/www.egemtv.com\/index.php?rest_route=\/wp\/v2\/users\/1"}],"replies":[{"embeddable":true,"href":"https:\/\/www.egemtv.com\/index.php?rest_route=%2Fwp%2Fv2%2Fcomments&post=11595"}],"version-history":[{"count":1,"href":"https:\/\/www.egemtv.com\/index.php?rest_route=\/wp\/v2\/posts\/11595\/revisions"}],"predecessor-version":[{"id":11597,"href":"https:\/\/www.egemtv.com\/index.php?rest_route=\/wp\/v2\/posts\/11595\/revisions\/11597"}],"wp:featuredmedia":[{"embeddable":true,"href":"https:\/\/www.egemtv.com\/index.php?rest_route=\/wp\/v2\/media\/11596"}],"wp:attachment":[{"href":"https:\/\/www.egemtv.com\/index.php?rest_route=%2Fwp%2Fv2%2Fmedia&parent=11595"}],"wp:term":[{"taxonomy":"category","embeddable":true,"href":"https:\/\/www.egemtv.com\/index.php?rest_route=%2Fwp%2Fv2%2Fcategories&post=11595"},{"taxonomy":"post_tag","embeddable":true,"href":"https:\/\/www.egemtv.com\/index.php?rest_route=%2Fwp%2Fv2%2Ftags&post=11595"}],"curies":[{"name":"wp","href":"https:\/\/api.w.org\/{rel}","templated":true}]}}