{"id":11592,"date":"2025-01-23T10:26:21","date_gmt":"2025-01-23T07:26:21","guid":{"rendered":"https:\/\/www.egemtv.com\/?p=11592"},"modified":"2025-01-23T10:26:23","modified_gmt":"2025-01-23T07:26:23","slug":"egifed-baskanligina-yelkenbicer-secildi","status":"publish","type":"post","link":"https:\/\/www.egemtv.com\/?p=11592","title":{"rendered":"EG\u0130FED Ba\u015fkanl\u0131\u011f\u0131na Yelkenbi\u00e7er se\u00e7ildi"},"content":{"rendered":"<p>Ege Gen\u00e7 \u0130\u015f \u0130nsanlar\u0131 Dernekleri Federasyonunun (EG\u0130FED) genel kurul toplant\u0131s\u0131nda yeni y\u00f6netim kurulu belirlendi. Bin 500\u2019\u00fc a\u015fk\u0131n \u00fcyesiyle b\u00f6lgenin en geni\u015f tabanl\u0131 gen\u00e7 i\u015f insanlar\u0131 a\u011f\u0131 olan EG\u0130FED\u2019in ba\u015fkanl\u0131\u011f\u0131na Alp Avni Yelkenbi\u00e7er se\u00e7ildi.<br \/>\n<br \/>EG\u0130FED merkezinde d\u00fczenlenen genel kurul toplant\u0131s\u0131na EG\u0130FED\u2019e ba\u011fl\u0131 8 dernekten temsilciler ve i\u015f d\u00fcnyas\u0131n\u0131n \u00f6nde gelen isimleri kat\u0131ld\u0131. Bin 500\u2019\u00fc a\u015fk\u0131n \u00fcyesiyle b\u00f6lgenin en geni\u015f tabanl\u0131 gen\u00e7 i\u015f insanlar\u0131 a\u011f\u0131 olan EG\u0130FED Genel Kurulu\u2019nda, derneklerin dayan\u0131\u015fma ve i\u015f birli\u011fi ile b\u00f6lgesel kalk\u0131nmaya olan katk\u0131s\u0131n\u0131n daha da art\u0131r\u0131lmas\u0131 gerekti\u011fi vurguland\u0131. Ege\u2019nin tar\u0131m, sanayi ve turizmdeki g\u00fc\u00e7l\u00fc altyap\u0131s\u0131n\u0131 daha ileriye ta\u015f\u0131mak i\u00e7in ortak projeler geli\u015ftirilmesi, inovasyon ve giri\u015fimcili\u011fin te\u015fvik edilmesi, b\u00f6lge ekonomisinin k\u00fcresel pazarlardaki rekabet g\u00fcc\u00fcn\u00fc art\u0131rmada kritik \u00f6nem ta\u015f\u0131d\u0131\u011f\u0131 ifade edildi.<br \/>\n<br \/>Toplant\u0131da, T\u00fcrkiye\u2019nin ekonomik g\u00f6r\u00fcn\u00fcm\u00fcne dair i\u015f d\u00fcnyas\u0131n\u0131n g\u00f6r\u00fc\u015fleri payla\u015f\u0131l\u0131rken, b\u00f6lgenin sanayi, tar\u0131m, turizm ve yenilenebilir enerji gibi stratejik sekt\u00f6rlerdeki potansiyelinin alt\u0131 \u00e7izildi. \u00d6zellikle KOB\u0130\u2019lerin dijitalle\u015fmesi ve ye\u015fil d\u00f6n\u00fc\u015f\u00fcm hedefleri, b\u00f6lgesel kalk\u0131nmay\u0131 g\u00fc\u00e7lendirecek stratejiler aras\u0131nda \u00f6n plana \u00e7\u0131kt\u0131.<br \/>\n<br \/>Yeni y\u00f6netim kurulu belirlendi<br \/>\n<br \/>EG\u0130FED\u2019in yeni y\u00f6netim kurulunun belirlendi\u011fi genel kurulda, EG\u0130FED Ba\u015fkanl\u0131\u011f\u0131na Alp Avni Yelkenbi\u00e7er se\u00e7ilirken, ba\u015fkan vekillikleri g\u00f6revine EG\u0130AD Ba\u015fkan\u0131 Kaan \u00d6zhelvac\u0131, Bal\u0131kesir Gen\u00e7 \u0130\u015f \u0130nsanlar\u0131 Derne\u011fi Ba\u015fkan\u0131 Mert Kur\u015fun, Manisa Gen\u00e7 \u0130\u015f \u0130nsanlar\u0131 Derne\u011fi Ba\u015fkan\u0131 G\u00fcng\u00f6r Serdar Bozyaka, Denizli Gen\u00e7 \u0130\u015f \u0130nsanlar\u0131 Derne\u011fi Ba\u015fkan\u0131 Kemal S\u00f6zkesen getirildi.<\/p>\n<p>Ege B\u00f6lgesi\u2019nin g\u00fc\u00e7l\u00fc ekonomik potansiyelini ortaya koyaca\u011f\u0131z<br \/>\n<br \/>Se\u00e7im sonras\u0131 te\u015fekk\u00fcr konu\u015fmas\u0131 yapan EG\u0130FED Y\u00f6netim Kurulu Ba\u015fkan\u0131 Alp Avni Yelkenbi\u00e7er, &#8220;Bu k\u0131ymetli g\u00f6rev, yaln\u0131zca bireysel bir onur de\u011fil, ayn\u0131 zamanda Ege B\u00f6lgesi\u2019nin g\u00fc\u00e7l\u00fc ekonomik potansiyelini ortaya koymak ve i\u015f d\u00fcnyam\u0131z\u0131n dinamizmini art\u0131rmak ad\u0131na \u00f6nemli bir sorumluluktur. Sizlerin g\u00fcveni ve deste\u011fiyle, b\u00f6lge ekonomimizin s\u00fcrd\u00fcr\u00fclebilir kalk\u0131nmas\u0131n\u0131 sa\u011flamak i\u00e7in birlikte \u00e7al\u0131\u015fmaktan b\u00fcy\u00fck bir mutluluk duyaca\u011f\u0131m. EG\u0130FED \u00e7at\u0131s\u0131 alt\u0131nda, i\u015f d\u00fcnyas\u0131 olarak yenilik\u00e7i ve vizyoner ad\u0131mlarla b\u00f6lgesel kalk\u0131nmaya katk\u0131 sunmak, gen\u00e7 i\u015f insanlar\u0131m\u0131z\u0131n sesini daha g\u00fc\u00e7l\u00fc duyurmak ve giri\u015fimcili\u011fi te\u015fvik etmek en \u00f6nemli \u00f6nceliklerimizden biri olacakt\u0131r. Sizlerin katk\u0131 ve i\u015f birli\u011fiyle bu hedeflerimizi ba\u015far\u0131yla ger\u00e7ekle\u015ftirece\u011fimize olan inanc\u0131m tamd\u0131r. Destekleriniz i\u00e7in te\u015fekk\u00fcr eder, ortak i\u015fbirli\u011fi ve \u00e7al\u0131\u015fmalarda daha g\u00fc\u00e7l\u00fc bir Ege Ekonomisi in\u015fa etmekten b\u00fcy\u00fck onur duyaca\u011f\u0131m\u0131 belirtmek isterim.&#8221; dedi.<br \/><\/p>\n","protected":false},"excerpt":{"rendered":"<p>Ege Gen\u00e7 \u0130\u015f \u0130nsanlar\u0131 Dernekleri Federasyonunun (EG\u0130FED) genel kurul toplant\u0131s\u0131nda yeni y\u00f6netim kurulu belirlendi. Bin 500\u2019\u00fc a\u015fk\u0131n \u00fcyesiyle b\u00f6lgenin en geni\u015f tabanl\u0131 gen\u00e7 i\u015f insanlar\u0131 a\u011f\u0131 olan EG\u0130FED\u2019in ba\u015fkanl\u0131\u011f\u0131na Alp Avni Yelkenbi\u00e7er se\u00e7ildi. EG\u0130FED merkezinde d\u00fczenlenen genel kurul toplant\u0131s\u0131na EG\u0130FED\u2019e ba\u011fl\u0131 8 dernekten temsilciler ve i\u015f d\u00fcnyas\u0131n\u0131n \u00f6nde gelen isimleri kat\u0131ld\u0131. Bin 500\u2019\u00fc a\u015fk\u0131n \u00fcyesiyle&#8230;<\/p>\n","protected":false},"author":1,"featured_media":11593,"comment_status":"open","ping_status":"open","sticky":false,"template":"","format":"standard","meta":{"_crdt_document":"","footnotes":""},"categories":[125],"tags":[],"class_list":["post-11592","post","type-post","status-publish","format-standard","has-post-thumbnail","hentry","category-ekonomi"],"_links":{"self":[{"href":"https:\/\/www.egemtv.com\/index.php?rest_route=\/wp\/v2\/posts\/11592","targetHints":{"allow":["GET"]}}],"collection":[{"href":"https:\/\/www.egemtv.com\/index.php?rest_route=\/wp\/v2\/posts"}],"about":[{"href":"https:\/\/www.egemtv.com\/index.php?rest_route=\/wp\/v2\/types\/post"}],"author":[{"embeddable":true,"href":"https:\/\/www.egemtv.com\/index.php?rest_route=\/wp\/v2\/users\/1"}],"replies":[{"embeddable":true,"href":"https:\/\/www.egemtv.com\/index.php?rest_route=%2Fwp%2Fv2%2Fcomments&post=11592"}],"version-history":[{"count":1,"href":"https:\/\/www.egemtv.com\/index.php?rest_route=\/wp\/v2\/posts\/11592\/revisions"}],"predecessor-version":[{"id":11594,"href":"https:\/\/www.egemtv.com\/index.php?rest_route=\/wp\/v2\/posts\/11592\/revisions\/11594"}],"wp:featuredmedia":[{"embeddable":true,"href":"https:\/\/www.egemtv.com\/index.php?rest_route=\/wp\/v2\/media\/11593"}],"wp:attachment":[{"href":"https:\/\/www.egemtv.com\/index.php?rest_route=%2Fwp%2Fv2%2Fmedia&parent=11592"}],"wp:term":[{"taxonomy":"category","embeddable":true,"href":"https:\/\/www.egemtv.com\/index.php?rest_route=%2Fwp%2Fv2%2Fcategories&post=11592"},{"taxonomy":"post_tag","embeddable":true,"href":"https:\/\/www.egemtv.com\/index.php?rest_route=%2Fwp%2Fv2%2Ftags&post=11592"}],"curies":[{"name":"wp","href":"https:\/\/api.w.org\/{rel}","templated":true}]}}