{"id":11589,"date":"2025-01-23T10:16:20","date_gmt":"2025-01-23T07:16:20","guid":{"rendered":"https:\/\/www.egemtv.com\/?p=11589"},"modified":"2025-01-23T10:16:22","modified_gmt":"2025-01-23T07:16:22","slug":"ortaginin-diplomasi-sahte-cikti-milyonluk-zarara-ugradi","status":"publish","type":"post","link":"https:\/\/www.egemtv.com\/?p=11589","title":{"rendered":"Orta\u011f\u0131n\u0131n diplomas\u0131 sahte \u00e7\u0131kt\u0131, milyonluk zarara u\u011frad\u0131"},"content":{"rendered":"<p>\u0130zmir\u2019de motosiklet bayisi i\u015fleten \u0130lker Aydemir, iddiaya g\u00f6re ayn\u0131 zamanda orta\u011f\u0131 olan mali m\u00fc\u015favirin diplomas\u0131n\u0131n sahte oldu\u011fu ve usuls\u00fcz i\u015flemler yapt\u0131\u011f\u0131 ortaya \u00e7\u0131k\u0131nca 2.5 milyon TL vergi cezas\u0131 \u00f6demek zorunda kald\u0131.<br \/>\n<br \/>G\u00fczelbah\u00e7e il\u00e7esinde motosiklet bayisi i\u015fleten \u0130lker Aydemir, iddiaya g\u00f6re yakla\u015f\u0131k 10 ay \u00f6nce mali m\u00fc\u015favir olarak bildi\u011fi ve 20 y\u0131ll\u0131k arkada\u015f\u0131n\u0131n ablas\u0131 olan D.A.\u2019y\u0131, y\u00fczde 50 komisyon ortakl\u0131\u011f\u0131 ile i\u015fe ald\u0131. Aydemir, ilerleyen s\u00fcre\u00e7te faturalarda aksakl\u0131k oldu\u011funu fark etti. Bunun \u00fczerine faturalar\u0131 inceleyen Aydemir, motorlar\u0131n sat\u0131ld\u0131\u011f\u0131n\u0131 ancak D.A.\u2019n\u0131n yapt\u0131\u011f\u0131 sat\u0131\u015flarda \u015firketin fatura bilgileri k\u0131sm\u0131na, kendi ki\u015fisel bilgilerini, mail adresini ve telefon numaras\u0131n\u0131 yazd\u0131\u011f\u0131n\u0131 tespit etti.<\/p>\n<p>Diplomas\u0131 sahte, zarar 2.5 milyon TL<br \/>\n<br \/>O esnada yurt d\u0131\u015f\u0131nda olan Aydemir, hemen \u0130zmir\u2019e d\u00f6n\u00fc\u015f yapt\u0131 ancak bir \u015fok daha ya\u015fad\u0131. D\u00fckkan\u0131nda bulunan yedek par\u00e7a ofisinin bo\u015falt\u0131ld\u0131\u011f\u0131n\u0131 g\u00f6ren talihsiz adam, g\u00fcvenlik kameralar\u0131n\u0131 inceleyerek malzemelerin D.A. ve yan\u0131ndaki iki ki\u015fi taraf\u0131ndan \u00e7al\u0131nd\u0131\u011f\u0131n\u0131 \u00f6\u011frendi. Daha sonra D.A.\u2019n\u0131n diplomas\u0131n\u0131n sahte oldu\u011funu da \u00f6\u011frenen Aydemir, i\u015f yerindeki 9 motorun usuls\u00fczce sat\u0131ld\u0131\u011f\u0131n\u0131 tespit etti. Maliyeye ceza \u00f6demek zorunda da kalan ve yakla\u015f\u0131k 2.5 milyon TL zarara u\u011frayan Aydemir, adaletin yerini bulmas\u0131n\u0131 istiyor.<\/p>\n<p>\u201cKendilerini arad\u0131m, ula\u015famad\u0131m\u201d<br \/>\n<br \/>Ba\u015f\u0131ndan ge\u00e7en olay\u0131 anlatan motosiklet bayisi sahibi \u0130lker Aydemir, \u201cBen yurt d\u0131\u015f\u0131nda oldu\u011fum esnada D.A.\u2019n\u0131n bana ait e-imza mali b\u00f6l\u00fcm\u00fcn\u00fc kullan\u0131p, \u015firket bilgilerini de\u011fi\u015ftirip \u015firketimden fatura kesti\u011fini fark ettim. Banka hesab\u0131ma para gelmedi\u011fi i\u00e7in bir kar\u0131\u015f\u0131kl\u0131k oldu\u011funu anlad\u0131m. Ben de yurt d\u0131\u015f\u0131ndan acil d\u00f6n\u00fc\u015f yapt\u0131m. D\u00f6nd\u00fc\u011f\u00fcmde faturalar\u0131 kontrol etti\u011fimde D.A.\u2019n\u0131n maalesef fatura bilgilerindeki \u2018ki\u015fisel bilgileri, mail adresi, telefon numaras\u0131n\u0131\u2019 de\u011fi\u015ftirerek paray\u0131 \u015fahsi hesab\u0131na ald\u0131\u011f\u0131n\u0131 ve benim \u015firketimden fatura kesti\u011fini fark ettim. Hemen 112\u2019ye ba\u015fvurdum ve ifade verdim. Bir g\u00fcn sonra D.A., H.G. ve kocas\u0131 K.A., d\u00fckkan\u0131ma gelip benim i\u015f yerimde bulunan e-imzam\u0131, mali m\u00fchr\u00fcm\u00fc \u00e7alarak ve giderken de yedek par\u00e7a ofisimi bo\u015faltarak olay yerini terk etmi\u015fler. Kendilerine arad\u0131\u011f\u0131m zaman numaralar\u0131na ula\u015famad\u0131m. Adli s\u00fcrecimiz ba\u015flad\u0131. Davam\u0131z devam ediyor\u201d dedi.<\/p>\n<p>\u201cTehditler ald\u0131m, adaletin yerini bulmas\u0131n\u0131 talep ediyorum\u201d<br \/>\n<br \/>D.A. taraf\u0131ndan, \u2018Seni SGK\u2019ya, mali m\u00fcfetti\u015flere \u015fikayet ederim. Elim kolum uzun\u2019 diye tehdit edildi\u011fini aktaran Aydemir, \u015funlar\u0131 kaydetti:<br \/>\n<br \/>\u201cBana, \u2018\u00c7al\u0131\u015fan\u0131n\u0131n hesab\u0131na para ald\u0131\u011f\u0131m gerek\u00e7esiyle maliyeden, sigortas\u0131n\u0131 yapmad\u0131\u011f\u0131m i\u00e7in de SGK\u2019dan\u2019 aral\u0131kl\u0131 olarak cezalar gelmeye ba\u015flad\u0131. Fakat D.A. karakoldaki ifadesinde \u2018Biz \u0130lker Aydemir ile y\u00fczde 50 kar orta\u011f\u0131yd\u0131k ve ortakl\u0131\u011f\u0131m\u0131 ispat edece\u011fim\u2019 diye beyanda bulunmu\u015f. Fakat SGK\u2019ya da \u2018Ben SGK\u2019l\u0131 \u00e7al\u0131\u015fan\u0131m, 10 ayd\u0131r sigortam\u0131 yapm\u0131yor ve 10 ayd\u0131r hi\u00e7bir \u015fekilde maa\u015f almad\u0131m\u2019 diye beyan etti. Farkl\u0131 beyanlarda bulundu\u011fu i\u00e7in mali m\u00fcfetti\u015flere ve SGK\u2019ya dilek\u00e7e verdim. A\u011f\u0131r cezalar yedim. Bir an \u00f6nce adaletin yerini bulmas\u0131n\u0131 talep ediyorum.\u201d<\/p>\n<p>\u201cDiplomas\u0131 sahteymi\u015f\u201d<br \/>\n<br \/>D.A.\u2019n\u0131n mali m\u00fc\u015favir diplomas\u0131n\u0131 da g\u00f6rd\u00fc\u011f\u00fcnden bahseden Aydemir, \u201cElindeki diploma sahteymi\u015f. Ben bunu sonradan \u00f6\u011frendim. Kamera cihazlar\u0131na kadar al\u0131p g\u00f6t\u00fcrd\u00fc\u011f\u00fcn\u00fc fark ettim. Bundan sonra i\u015fe \u00e7al\u0131\u015fan ya da ortak al\u0131rken mutlaka odalara kay\u0131t bilgilerini sorulmas\u0131n\u0131 talep ediyorum. Daha fazla insan\u0131n can\u0131 yanmas\u0131n, gerekli ki\u015filerin bulunmas\u0131n\u0131, gerekli cezalar\u0131n\u0131 almas\u0131n\u0131 istiyorum\u201d a\u00e7\u0131klamalar\u0131nda bulundu.<\/p>\n<p>\u201cArkada\u015f\u0131m\u0131n ablas\u0131 oldu\u011fu i\u00e7in g\u00fcvendim\u201d<br \/>\n<br \/>H.\u00c7.\u2019nin kendisinin arkada\u015f\u0131 oldu\u011funu, bu y\u00fczden de ablas\u0131 D.A.\u2019ya kar\u015f\u0131 g\u00fcven olu\u015ftu\u011funu ifade eden Aydemir, \u201cKendisi daha \u00f6nce de ayn\u0131 sekt\u00f6rde \u00e7al\u0131\u015ft\u0131\u011f\u0131 i\u00e7in ben de g\u00fcvenerek i\u015fe ald\u0131m. Kendisini mali m\u00fc\u015favir olarak bildi\u011fim i\u00e7in de g\u00fcveniyordum. \u0130\u015fe al\u0131rken de ortak olarak ald\u0131k. \u0130\u015f yerini beraber kurduk. Ben de s\u00fcrekli yurt d\u0131\u015f\u0131nda oldu\u011fum i\u00e7in i\u015f takibim biraz daha zor. G\u00fcven esasl\u0131 oldu\u011fu i\u00e7in \u2018Zaten kar orta\u011f\u0131m, niye \u00e7als\u0131n?\u2019 diye d\u00fc\u015f\u00fcnd\u00fcm\u201d \u015feklinde konu\u015ftu.<\/p>\n<p>\u2018D\u00fckkandaki \u00fcr\u00fcnleri internet sitesinde sat\u0131yor\u2019 iddias\u0131<br \/>\n<br \/>M\u00fc\u015fterilerini aray\u0131p faturalar\u0131 tekrar kontrol etti\u011finde 9 adet motorunun \u00e7al\u0131nm\u0131\u015f oldu\u011funu tespit etti\u011fini vurgulayan Aydemir, D.A.\u2019n\u0131n \u015firket bilgilerini de\u011fi\u015ftirmesi sebebiyle, \u015firkete fatura kesip \u00fcr\u00fcnleri internetten pazarlad\u0131\u011f\u0131n\u0131 \u00f6ne s\u00fcrd\u00fc. S\u00f6zlerini s\u00fcrd\u00fcren Aydemir, \u015f\u00f6yle konu\u015ftu:<br \/>\n<br \/>\u201c\u015eirket bilgilerini de\u011fi\u015ftirdi\u011fi i\u00e7in fatura bilgileri direkt onun mail adresine d\u00fc\u015f\u00fcyor. Benim, onu takip etme \u015fans\u0131m yok. Ancak bilgisayardan stok kayd\u0131ndan sonra belli oluyor. Model numaralar\u0131, motorlar, say\u0131m her g\u00fcn ayn\u0131 ama \u015fase numaralar\u0131 farkl\u0131. \u015ease numaralar\u0131n\u0131 kontrol ettikten sonra bu kadar motorun \u00e7al\u0131nd\u0131\u011f\u0131n\u0131 fark ettim.\u201d<br \/><\/p>\n","protected":false},"excerpt":{"rendered":"<p>\u0130zmir\u2019de motosiklet bayisi i\u015fleten \u0130lker Aydemir, iddiaya g\u00f6re ayn\u0131 zamanda orta\u011f\u0131 olan mali m\u00fc\u015favirin diplomas\u0131n\u0131n sahte oldu\u011fu ve usuls\u00fcz i\u015flemler yapt\u0131\u011f\u0131 ortaya \u00e7\u0131k\u0131nca 2.5 milyon TL vergi cezas\u0131 \u00f6demek zorunda kald\u0131. G\u00fczelbah\u00e7e il\u00e7esinde motosiklet bayisi i\u015fleten \u0130lker Aydemir, iddiaya g\u00f6re yakla\u015f\u0131k 10 ay \u00f6nce mali m\u00fc\u015favir olarak bildi\u011fi ve 20 y\u0131ll\u0131k arkada\u015f\u0131n\u0131n ablas\u0131 olan D.A.\u2019y\u0131,&#8230;<\/p>\n","protected":false},"author":1,"featured_media":11590,"comment_status":"open","ping_status":"open","sticky":false,"template":"","format":"standard","meta":{"_crdt_document":"","footnotes":""},"categories":[5],"tags":[],"class_list":["post-11589","post","type-post","status-publish","format-standard","has-post-thumbnail","hentry","category-asayis"],"_links":{"self":[{"href":"https:\/\/www.egemtv.com\/index.php?rest_route=\/wp\/v2\/posts\/11589","targetHints":{"allow":["GET"]}}],"collection":[{"href":"https:\/\/www.egemtv.com\/index.php?rest_route=\/wp\/v2\/posts"}],"about":[{"href":"https:\/\/www.egemtv.com\/index.php?rest_route=\/wp\/v2\/types\/post"}],"author":[{"embeddable":true,"href":"https:\/\/www.egemtv.com\/index.php?rest_route=\/wp\/v2\/users\/1"}],"replies":[{"embeddable":true,"href":"https:\/\/www.egemtv.com\/index.php?rest_route=%2Fwp%2Fv2%2Fcomments&post=11589"}],"version-history":[{"count":1,"href":"https:\/\/www.egemtv.com\/index.php?rest_route=\/wp\/v2\/posts\/11589\/revisions"}],"predecessor-version":[{"id":11591,"href":"https:\/\/www.egemtv.com\/index.php?rest_route=\/wp\/v2\/posts\/11589\/revisions\/11591"}],"wp:featuredmedia":[{"embeddable":true,"href":"https:\/\/www.egemtv.com\/index.php?rest_route=\/wp\/v2\/media\/11590"}],"wp:attachment":[{"href":"https:\/\/www.egemtv.com\/index.php?rest_route=%2Fwp%2Fv2%2Fmedia&parent=11589"}],"wp:term":[{"taxonomy":"category","embeddable":true,"href":"https:\/\/www.egemtv.com\/index.php?rest_route=%2Fwp%2Fv2%2Fcategories&post=11589"},{"taxonomy":"post_tag","embeddable":true,"href":"https:\/\/www.egemtv.com\/index.php?rest_route=%2Fwp%2Fv2%2Ftags&post=11589"}],"curies":[{"name":"wp","href":"https:\/\/api.w.org\/{rel}","templated":true}]}}