{"id":11586,"date":"2025-01-23T10:11:00","date_gmt":"2025-01-23T07:11:00","guid":{"rendered":"https:\/\/www.egemtv.com\/?p=11586"},"modified":"2025-01-23T10:11:01","modified_gmt":"2025-01-23T07:11:01","slug":"abalioglu-denizli-turizmde-hak-ettigi-yerde-degil","status":"publish","type":"post","link":"https:\/\/www.egemtv.com\/?p=11586","title":{"rendered":"Abal\u0131o\u011flu; \u201cDenizli, turizmde hak etti\u011fi yerde de\u011fil\u201d"},"content":{"rendered":"<p>DEN\u0130ZL\u0130 (\u0130HA) \u2013 Denizli\u2019de Cafer Sad\u0131k Abal\u0131o\u011flu E\u011fitim ve K\u00fclt\u00fcr Vakf\u0131 k\u00fclt\u00fcr varl\u0131klar\u0131ndan olan \u2018Ge\u00e7mi\u015ften G\u00fcn\u00fcm\u00fcze Denizli\u2019 dergisinin 68\u2019inci say\u0131s\u0131 \u201cDenizli Turizmi\u201d temas\u0131yla yay\u0131nland\u0131. Dijital derginin Denizli Kent M\u00fczesinde yap\u0131lan tan\u0131t\u0131m\u0131nda konu\u015fan Vak\u0131f Ba\u015fkan\u0131 Ali Abal\u0131o\u011flu; \u201cDenizli, turizmde hak etti\u011fi yerde de\u011fil\u201d dedi.<\/p>\n<p>Cafer Sad\u0131k Abal\u0131o\u011flu E\u011fitim ve K\u00fclt\u00fcr Vakf\u0131 taraf\u0131ndan 2004 y\u0131l\u0131ndan buyana d\u00fczenli olarak yay\u0131mlanan Ge\u00e7mi\u015ften G\u00fcn\u00fcm\u00fcze Denizli dergisinin 68\u2019inci \u00f6zel say\u0131s\u0131 okuyucular\u0131yla bulu\u015ftu. \u201cDenizli Turizmi\u201d temas\u0131yla yay\u0131nlanan dijital derginin tan\u0131t\u0131m\u0131, Denizli Kent M\u00fczesinde ger\u00e7ekle\u015ftirildi. K\u00fclt\u00fcr ve Turizm \u0130l M\u00fcd\u00fcr\u00fc H\u00fcdaverdi Otakl\u0131 ve dergiye yaz\u0131lar\u0131yla katk\u0131 veren uzmanlar\u0131n kat\u0131l\u0131m\u0131yla yap\u0131lan tan\u0131t\u0131m etkinli\u011finde, T\u00fcrk Dili ve Edebiyat\u0131 B\u00f6l\u00fcm\u00fc \u00d6\u011fretim \u00dcyesi Prof. Dr. Turgut Tok taraf\u0131ndan kat\u0131l\u0131mc\u0131lara m\u00fczedeki eserler hakk\u0131nda bilgiler aktar\u0131ld\u0131.<\/p>\n<p>68\u2019inci say\u0131s\u0131 yay\u0131nlanan Ge\u00e7mi\u015ften G\u00fcn\u00fcm\u00fcze Denizli dergisinin Denizli\u2019ye kazand\u0131r\u0131lm\u0131\u015f b\u00fcy\u00fck hizmetlerden birisi oldu\u011funa i\u015faret eden Prof. Dr. Tok; \u201cCafer Sad\u0131k Abal\u0131o\u011flu E\u011fitim ve K\u00fclt\u00fcr Vakf\u0131n\u0131n kentimiz i\u00e7in en g\u00fczel hizmetlerinden birisi olan bu dergi, 21 y\u0131ld\u0131r Denizli\u2019nin tarihine \u0131\u015f\u0131k tutmuyor. Hem bilim d\u00fcnyas\u0131 hem Denizli\u2019ye ilgi duyan herkes, kent ile ilgili merak ettikleri her konuyu bu dergide bulabiliyor. Bu yay\u0131n\u0131n s\u00fcrd\u00fcr\u00fclmesi, Denizli ad\u0131na \u00f6nemlidir. 68\u2019inci \u00f6zel say\u0131da Denizli Turizmi ele al\u0131nm\u0131\u015f. Farkl\u0131 y\u00f6nleriyle ele al\u0131nan Denizli\u2019nin turizm de\u011ferlerini ortaya koyulmu\u015f.  Dergi arac\u0131l\u0131\u011f\u0131yla Denizli k\u00fclt\u00fcr\u00fcne b\u00fcy\u00fck katk\u0131lar koyan Abal\u0131o\u011flu ailesine ve Vak\u0131f Ba\u015fkan\u0131 Ali Abal\u0131o\u011flu\u2019na \u00e7ok te\u015fekk\u00fcr ediyorum\u201d dedi.<\/p>\n<p>\u201cDenizli, turizmde hak etti\u011fi yerde de\u011fil\u201d<br \/>\n<br \/>Ge\u00e7mi\u015ften G\u00fcn\u00fcm\u00fcze Denizli dergisini 21 y\u0131ld\u0131r yay\u0131nlad\u0131klar\u0131n\u0131 kaydeden Cafer Sad\u0131k Abal\u0131o\u011flu E\u011fitim ve K\u00fclt\u00fcr Vakf\u0131 Y\u00f6netim Kurulu Ba\u015fkan\u0131 Ali Abal\u0131o\u011flu, \u2018Denizli Turizmi\u2019 temal\u0131 \u00f6zel say\u0131n\u0131n dijital ortamda okuyucularla bulu\u015ftu\u011funu s\u00f6yledi. Denizli\u2019nin k\u00fclt\u00fcrel de\u011ferlerini \u00f6n plana \u00e7\u0131karmaya gayret ettiklerinin alt\u0131n\u0131 \u00e7izen Abal\u0131o\u011flu, \u201cGe\u00e7mi\u015ften G\u00fcn\u00fcm\u00fcze Denizli dergimizi 2024 y\u0131l\u0131ndan bu yana \u00e7\u0131kararak Denizli\u2019nin de\u011ferlerine ve k\u00fclt\u00fcr\u00fcne katk\u0131 koymaya \u00e7al\u0131\u015f\u0131yoruz. Ge\u00e7mi\u015ften G\u00fcn\u00fcm\u00fcze Denizli Dergisi, herhalde T\u00fcrkiye\u2019de benzeri olmayan bir dergidir. Denizli turizmi ger\u00e7ekten muhte\u015fem. Denizli, turizmde maalesef hak etti\u011fi yerde bulunmuyor. Bilim insan\u0131 dostlar\u0131m\u0131z\u0131n destekleriyle birlikte hemen hemen son say\u0131m\u0131z\u0131 Denizli turizmine ay\u0131rd\u0131k. Denizli turizmi, tarihin ve co\u011frafyan\u0131n verdi\u011fi muhte\u015fem bir potansiyel var ama bu potansiyeli yeteri kadar kullanam\u0131yoruz. Denizli, antik \u015fehirler a\u00e7\u0131s\u0131ndan d\u00fcnyan\u0131n en zengin \u015fehridir. Denizli\u2019de 19 antik \u015fehir var. Denizli\u2019de \u0130ncil\u2019de ifade edilen 7 kiliseden biri Denizli\u2019de hatta Laodikya Antik Kentinde bulunuyor. Biz de dergimizde Denizli\u2019nin bu potansiyelini yazd\u0131k. Ben dergiye katk\u0131 sa\u011flayan uzmanlar\u0131m\u0131za te\u015fekk\u00fcr ediyorum\u201d \u015feklinde konu\u015ftu.<br \/><\/p>\n","protected":false},"excerpt":{"rendered":"<p>DEN\u0130ZL\u0130 (\u0130HA) \u2013 Denizli\u2019de Cafer Sad\u0131k Abal\u0131o\u011flu E\u011fitim ve K\u00fclt\u00fcr Vakf\u0131 k\u00fclt\u00fcr varl\u0131klar\u0131ndan olan \u2018Ge\u00e7mi\u015ften G\u00fcn\u00fcm\u00fcze Denizli\u2019 dergisinin 68\u2019inci say\u0131s\u0131 \u201cDenizli Turizmi\u201d temas\u0131yla yay\u0131nland\u0131. Dijital derginin Denizli Kent M\u00fczesinde yap\u0131lan tan\u0131t\u0131m\u0131nda konu\u015fan Vak\u0131f Ba\u015fkan\u0131 Ali Abal\u0131o\u011flu; \u201cDenizli, turizmde hak etti\u011fi yerde de\u011fil\u201d dedi. Cafer Sad\u0131k Abal\u0131o\u011flu E\u011fitim ve K\u00fclt\u00fcr Vakf\u0131 taraf\u0131ndan 2004 y\u0131l\u0131ndan buyana d\u00fczenli&#8230;<\/p>\n","protected":false},"author":1,"featured_media":11587,"comment_status":"open","ping_status":"open","sticky":false,"template":"","format":"standard","meta":{"_crdt_document":"","footnotes":""},"categories":[1],"tags":[],"class_list":["post-11586","post","type-post","status-publish","format-standard","has-post-thumbnail","hentry","category-guncel"],"_links":{"self":[{"href":"https:\/\/www.egemtv.com\/index.php?rest_route=\/wp\/v2\/posts\/11586","targetHints":{"allow":["GET"]}}],"collection":[{"href":"https:\/\/www.egemtv.com\/index.php?rest_route=\/wp\/v2\/posts"}],"about":[{"href":"https:\/\/www.egemtv.com\/index.php?rest_route=\/wp\/v2\/types\/post"}],"author":[{"embeddable":true,"href":"https:\/\/www.egemtv.com\/index.php?rest_route=\/wp\/v2\/users\/1"}],"replies":[{"embeddable":true,"href":"https:\/\/www.egemtv.com\/index.php?rest_route=%2Fwp%2Fv2%2Fcomments&post=11586"}],"version-history":[{"count":1,"href":"https:\/\/www.egemtv.com\/index.php?rest_route=\/wp\/v2\/posts\/11586\/revisions"}],"predecessor-version":[{"id":11588,"href":"https:\/\/www.egemtv.com\/index.php?rest_route=\/wp\/v2\/posts\/11586\/revisions\/11588"}],"wp:featuredmedia":[{"embeddable":true,"href":"https:\/\/www.egemtv.com\/index.php?rest_route=\/wp\/v2\/media\/11587"}],"wp:attachment":[{"href":"https:\/\/www.egemtv.com\/index.php?rest_route=%2Fwp%2Fv2%2Fmedia&parent=11586"}],"wp:term":[{"taxonomy":"category","embeddable":true,"href":"https:\/\/www.egemtv.com\/index.php?rest_route=%2Fwp%2Fv2%2Fcategories&post=11586"},{"taxonomy":"post_tag","embeddable":true,"href":"https:\/\/www.egemtv.com\/index.php?rest_route=%2Fwp%2Fv2%2Ftags&post=11586"}],"curies":[{"name":"wp","href":"https:\/\/api.w.org\/{rel}","templated":true}]}}