{"id":11583,"date":"2025-01-23T10:10:57","date_gmt":"2025-01-23T07:10:57","guid":{"rendered":"https:\/\/www.egemtv.com\/?p=11583"},"modified":"2025-01-23T10:10:59","modified_gmt":"2025-01-23T07:10:59","slug":"izmirde-hedef-1-milyon-ton-asfalt","status":"publish","type":"post","link":"https:\/\/www.egemtv.com\/?p=11583","title":{"rendered":"\u0130zmir\u2019de hedef 1 milyon ton asfalt"},"content":{"rendered":"<p>\u0130zmir B\u00fcy\u00fck\u015fehir Belediyesi Fen \u0130\u015fleri Dairesi Ba\u015fkanl\u0131\u011f\u0131 koordinesinde \u0130ZBETON taraf\u0131ndan y\u00fcr\u00fct\u00fclen \u00e7al\u0131\u015fmalar kapsam\u0131nda, ana arterler ba\u015fta olmak \u00fczere 14 il\u00e7ede asfalt serimi ve yama \u00e7al\u0131\u015fmalar\u0131 yap\u0131l\u0131yor. B\u00fcy\u00fck\u015fehir, 2025 y\u0131l\u0131nda 1 milyon ton asfaltla kentin ula\u015f\u0131m konforunu art\u0131rmay\u0131 hedefliyor.<br \/>\n<br \/>\u0130zmir B\u00fcy\u00fck\u015fehir Belediye Ba\u015fkan\u0131 Dr. Cemil Tugay\u2019\u0131n 2025 y\u0131l\u0131nda \u0130zmirlilere s\u00f6z\u00fcn\u00fc verdi\u011fi b\u00fcy\u00fck asfalt seferberli\u011fi ba\u015flad\u0131. Fen \u0130\u015fleri Dairesi koordinesinde \u0130ZBETON ekipleri taraf\u0131ndan y\u00fcr\u00fct\u00fclen \u00e7al\u0131\u015fmalar kapsam\u0131nda bozulan yollar asfalt serimi ve yama \u00e7al\u0131\u015fmalar\u0131 ile daha konforlu bir hale getiriliyor.<\/p>\n<p>40 uygulama ekibi sahada g\u00f6revde<br \/>\n<br \/>Toplam 40 uygulama ekibiyle g\u00fcnde yakla\u015f\u0131k 2 bin 500 ton asfalt d\u00f6k\u00fcl\u00fcyor. Ocak ay\u0131 i\u00e7erisinde \u00e7ok say\u0131da noktada \u00e7al\u0131\u015fmalar\u0131n\u0131 tamamlayan ekipler, Kar\u015f\u0131yaka Cevdet Bilsay Caddesi, Buca Zeki Toker Caddesi, Konak Akdeniz Mahallesi, Urla S\u0131ra Ku\u015f\u00e7ular Sokak, Torbal\u0131 Suba\u015f\u0131 Mahallesi ve \u00c7i\u011fli Balat\u00e7\u0131k Mahallesi\u2019nde asfalt serimi yap\u0131yor. Yama ekipleri ise Konak, Buca, Bornova, Menemen, Karaba\u011flar, Bergama, \u00d6demi\u015f, Bayrakl\u0131, Kar\u015f\u0131yaka, Menderes, \u00c7i\u011fli, Torbal\u0131, Tire, Alia\u011fa, Urla, \u00c7e\u015fme ve Seferihisar\u2019da ihtiya\u00e7 duyulan noktalara m\u00fcdahale ediyor.<\/p>\n<p>2025 y\u0131l\u0131nda hedef 1 milyon ton asfalt<br \/>\n<br \/>14 il\u00e7ede yo\u011fun olarak \u00e7al\u0131\u015ft\u0131klar\u0131n\u0131 belirten \u0130zmir B\u00fcy\u00fck\u015fehir Belediyesi Fen \u0130\u015fleri Dairesi Ba\u015fkanl\u0131\u011f\u0131 Merkez B\u00f6lge yol \u0130\u015fleri \u015eube M\u00fcd\u00fcr\u00fc Suat \u00d6zt\u00fcrk, \u201cAsfalt seferberli\u011fi kapsam\u0131nda ana arterler ba\u015fta olmak \u00fczere,  \u00e7e\u015fitli nedenlerle s\u00fcr\u00fc\u015f konforunu etkileyecek \u015fekilde bozulan yollarda asfaltlama \u00e7al\u0131\u015fmalar\u0131m\u0131z devam ediyor. Ba\u015fkan\u0131m\u0131z Cemil Tugay\u2019\u0131n yollar\u0131n yenilenmesi ile ilgili talimat\u0131 kapsam\u0131nda 1 milyon tondan fazla asfalt serimi planlamaktay\u0131z. T\u00fcm imkanlar\u0131m\u0131z\u0131 seferber ederek \u00e7al\u0131\u015fmalar\u0131m\u0131z\u0131 s\u00fcrd\u00fcr\u00fcyoruz\u201d diye konu\u015ftu.<br \/><\/p>\n","protected":false},"excerpt":{"rendered":"<p>\u0130zmir B\u00fcy\u00fck\u015fehir Belediyesi Fen \u0130\u015fleri Dairesi Ba\u015fkanl\u0131\u011f\u0131 koordinesinde \u0130ZBETON taraf\u0131ndan y\u00fcr\u00fct\u00fclen \u00e7al\u0131\u015fmalar kapsam\u0131nda, ana arterler ba\u015fta olmak \u00fczere 14 il\u00e7ede asfalt serimi ve yama \u00e7al\u0131\u015fmalar\u0131 yap\u0131l\u0131yor. B\u00fcy\u00fck\u015fehir, 2025 y\u0131l\u0131nda 1 milyon ton asfaltla kentin ula\u015f\u0131m konforunu art\u0131rmay\u0131 hedefliyor. \u0130zmir B\u00fcy\u00fck\u015fehir Belediye Ba\u015fkan\u0131 Dr. Cemil Tugay\u2019\u0131n 2025 y\u0131l\u0131nda \u0130zmirlilere s\u00f6z\u00fcn\u00fc verdi\u011fi b\u00fcy\u00fck asfalt seferberli\u011fi ba\u015flad\u0131. Fen&#8230;<\/p>\n","protected":false},"author":1,"featured_media":11584,"comment_status":"open","ping_status":"open","sticky":false,"template":"","format":"standard","meta":{"_crdt_document":"","footnotes":""},"categories":[1],"tags":[],"class_list":["post-11583","post","type-post","status-publish","format-standard","has-post-thumbnail","hentry","category-guncel"],"_links":{"self":[{"href":"https:\/\/www.egemtv.com\/index.php?rest_route=\/wp\/v2\/posts\/11583","targetHints":{"allow":["GET"]}}],"collection":[{"href":"https:\/\/www.egemtv.com\/index.php?rest_route=\/wp\/v2\/posts"}],"about":[{"href":"https:\/\/www.egemtv.com\/index.php?rest_route=\/wp\/v2\/types\/post"}],"author":[{"embeddable":true,"href":"https:\/\/www.egemtv.com\/index.php?rest_route=\/wp\/v2\/users\/1"}],"replies":[{"embeddable":true,"href":"https:\/\/www.egemtv.com\/index.php?rest_route=%2Fwp%2Fv2%2Fcomments&post=11583"}],"version-history":[{"count":1,"href":"https:\/\/www.egemtv.com\/index.php?rest_route=\/wp\/v2\/posts\/11583\/revisions"}],"predecessor-version":[{"id":11585,"href":"https:\/\/www.egemtv.com\/index.php?rest_route=\/wp\/v2\/posts\/11583\/revisions\/11585"}],"wp:featuredmedia":[{"embeddable":true,"href":"https:\/\/www.egemtv.com\/index.php?rest_route=\/wp\/v2\/media\/11584"}],"wp:attachment":[{"href":"https:\/\/www.egemtv.com\/index.php?rest_route=%2Fwp%2Fv2%2Fmedia&parent=11583"}],"wp:term":[{"taxonomy":"category","embeddable":true,"href":"https:\/\/www.egemtv.com\/index.php?rest_route=%2Fwp%2Fv2%2Fcategories&post=11583"},{"taxonomy":"post_tag","embeddable":true,"href":"https:\/\/www.egemtv.com\/index.php?rest_route=%2Fwp%2Fv2%2Ftags&post=11583"}],"curies":[{"name":"wp","href":"https:\/\/api.w.org\/{rel}","templated":true}]}}