{"id":11580,"date":"2025-01-23T10:10:55","date_gmt":"2025-01-23T07:10:55","guid":{"rendered":"https:\/\/www.egemtv.com\/?p=11580"},"modified":"2025-01-23T10:10:57","modified_gmt":"2025-01-23T07:10:57","slug":"altinorduda-ersan-parlatan-donemi-resmen-basladi","status":"publish","type":"post","link":"https:\/\/www.egemtv.com\/?p=11580","title":{"rendered":"Alt\u0131nordu\u2019da Ersan Parlatan d\u00f6nemi resmen ba\u015flad\u0131"},"content":{"rendered":"<p>Alt\u0131nordu, teknik direkt\u00f6rl\u00fck g\u00f6revi i\u00e7in Ersan Parlatan ile 1.5 y\u0131ll\u0131k s\u00f6zle\u015fme imzalad\u0131\u011f\u0131n\u0131 duyurdu.<br \/>\n<br \/>TFF 2. Lig Beyaz Grup\u2019taki 18. hafta m\u00fccadelesinde \u0130neg\u00f6lspor\u2019la deplasmanda gols\u00fcz berabere kalan Alt\u0131nordu, ya\u015fanan bu puan kayb\u0131n\u0131n faturas\u0131n\u0131 Teknik Direkt\u00f6r Olcay \u015eahan\u2019a \u00e7\u0131kard\u0131 ve gen\u00e7 \u00e7al\u0131\u015ft\u0131r\u0131c\u0131 ile yollar\u0131n\u0131 ay\u0131rma karar\u0131 ald\u0131. \u0130zmir ekibi, bu hamle sonras\u0131nda k\u0131sa bir s\u00fcre i\u00e7erisinde 47 ya\u015f\u0131ndaki teknik adam Ersan Parlatan\u2019la anla\u015fma sa\u011flad\u0131. Daha sonra Torbal\u0131 Metin Oktay Yerle\u015fkesi\u2019nde imza t\u00f6reni d\u00fczenleyen Alt\u0131nordu, Parlatan\u2019la 1.5 y\u0131ll\u0131k s\u00f6zle\u015fme imzaland\u0131\u011f\u0131n\u0131 duyurdu. Alt\u0131nordu Ba\u015fkan\u0131 Seyit Mehmet \u00d6zkan, imza t\u00f6reninde \u00f6nemli a\u00e7\u0131klamalarda bulundu. Yeni teknik direkt\u00f6rleri Ersan Parlatan\u2019\u0131 uzun s\u00fcredir takip ettiklerini belirten \u00d6zkan, \u201cHocam\u0131z ve ekibine hay\u0131rl\u0131 olsun. \u0130mza t\u00f6reni i\u00e7in Avrupa\u2019da bile bir\u00e7ok tak\u0131mda olmayan bir yerle\u015fkenin i\u00e7indeyiz. Maalesef bu yerle\u015fkenin hakk\u0131n\u0131 veremiyoruz. Bu yerle\u015fkenin hakk\u0131 S\u00fcper Lig\u2019de m\u00fccadele etmek ve Avrupa tak\u0131mlar\u0131 ile kora kor m\u00fccadele etmektir. Bu sezona ba\u015flarken \u00d6z Kaynak Sistemi oyuncular\u0131m\u0131z\u0131n yan\u0131 s\u0131ra gurbet\u00e7i k\u00f6kenli oyuncular\u0131m\u0131z\u0131 kadromuza dahil ettik. Lig ba\u015flad\u0131\u011f\u0131nda herkes bize \u015f\u00fcpheyle bak\u0131yordu ama ilk yar\u0131y\u0131 iyi bir yerde tamamlad\u0131k. B\u0131rak\u0131n Almanya\u2019dan \u0130zmir\u2019e gelmeyi;  \u0130zmir\u2019den U\u015fak\u2019a bile gitseniz oraya al\u0131\u015fmak bir s\u00fcre al\u0131r. B\u00fct\u00e7emizin el verdi\u011fi \u00f6l\u00e7\u00fcde bir kadro olu\u015fturduk. \u015eu anda \u015fampiyonlu\u011fun payda\u015f\u0131y\u0131z. M\u00fccadele etti\u011fimiz t\u00fcm tak\u0131mlar bizim karde\u015fimizdir\u201d dedi.<\/p>\n<p>Seyit Mehmet \u00d6zkan: \u201c\u0130kinci H\u00fcseyin Ero\u011flu\u2019nu ar\u0131yorum\u201d<br \/>\n<br \/>Hedeflerinin sezon sonunda mutlaka 1. Lig\u2019e \u00e7\u0131kmak oldu\u011funu vurgulayan Ba\u015fkan \u00d6zkan, \u201cBizim mutlaka 1. Lig\u2019e \u00e7\u0131kmam\u0131z gerekiyor. 1. Lig g\u00f6z \u00f6n\u00fcnde ancak TFF 2. Lig g\u00f6z \u00f6n\u00fcnde de\u011fil. Gen\u00e7 oyuncular\u0131m\u0131z\u0131 vitrine ve g\u00f6r\u00fcc\u00fcye \u00e7\u0131karmak istiyorsak mutlaka 1. Lig\u2019e y\u00fckselmememiz gerekiyor. H\u00fcseyin Ero\u011flu ile 10 y\u0131ll\u0131k yakalad\u0131\u011f\u0131m\u0131z periyodu daha yukar\u0131ya ta\u015f\u0131mak istiyoruz. Buradan S\u00fcper Lig\u2019e \u00e7\u0131k\u0131p Athletic Bilbao gibi bir yap\u0131da olmam\u0131z laz\u0131m. 25-26 ya\u015flar\u0131nda \u00d6z Kaynak Sistemi\u2019nden oyuncular\u0131 olan tak\u0131m olmal\u0131y\u0131z. Maalesef biz oyuncuyu yeti\u015ftiriyoruz oyuncular\u0131m\u0131za teklifler gelince babalar devreye girip \u2018Ba\u015fkan\u0131m bize teklif geldi m\u00fcsaade edin\u2019 diyor. Bu nedenle bizimle ayn\u0131 t\u00fcrden d\u00fc\u015f\u00fcnen ki\u015filerle yol y\u00fcr\u00fcmeliyiz. Buradan a\u00e7\u0131k\u00e7a s\u00f6yl\u00fcyorum ben ikinci H\u00fcseyin Ero\u011flu\u2019nu ar\u0131yorum. Bu nedenle Ersan Parlatan hocam\u0131z ile uzun y\u0131llar beraber \u00e7al\u0131\u015fmak istiyoruz\u201d \u015feklinde konu\u015ftu.<\/p>\n<p>Ersan Parlatan: \u201cSezon ba\u015f\u0131ndan beri Alt\u0131nordu ve ligi takip ediyorum\u201d<br \/>\n<br \/>Alt\u0131nordu\u2019nun yeni teknik direkt\u00f6r\u00fc Ersan Parlatan da \u00e7ok g\u00fczel bir camia ve kul\u00fcple anla\u015ft\u0131\u011f\u0131n\u0131 dile getirerek, \u201c\u00d6nceden yak\u0131n\u0131ndan ge\u00e7ti\u011fim tesisi bug\u00fcn ilk kez gezdim. Muhte\u015fem bir tesis var. Ba\u015fkan\u0131m\u0131z ile birlikte U13 tak\u0131mlar\u0131n\u0131n ma\u00e7lar\u0131n\u0131 izledik. \u0130\u00e7erisi olduk\u00e7a c\u0131v\u0131l c\u0131v\u0131l. Sezon ba\u015f\u0131ndan beri Alt\u0131nordu ve ligi takip ediyorum. Hem T\u00fcrkiye\u2019de hem de Almanya\u2019da \u00e7al\u0131\u015ft\u0131m. Her iki k\u00fclt\u00fcr\u00fc de biliyorum. Alt\u0131nordu da gurbet\u00e7i oyuncular\u0131 ile ilk yar\u0131y\u0131 iyi bir yerde tamamlad\u0131\u201d diye konu\u015ftu.<\/p>\n<p>\u201cAlt\u0131nordu\u2019yu \u00fcst seviyelere \u00e7\u0131karmak istiyoruz\u201d<br \/>\n<br \/>Hedeflerinden de bahseden Ersan Parlatan, s\u00f6zlerini \u015f\u00f6yle tamamlad\u0131:<br \/>\n<br \/>\u201cAlt\u0131nordu\u2019da uzun vadeli \u00e7al\u0131\u015f\u0131p Alt\u0131nordu\u2019yu \u00fcst seviyelere \u00e7\u0131karmak istiyoruz. Bu tak\u0131m\u0131n yeri asla TFF 2. Lig de\u011fil. Hedefledi\u011fimiz 1. Lig\u2019e en k\u0131sa s\u00fcrede y\u00fckselmek istiyoruz. \u0130ki y\u00f6nl\u00fc d\u00fc\u015f\u00fcnerek hem yar\u0131\u015fmac\u0131 hem de geli\u015ftirici tak\u0131m olmal\u0131y\u0131z. Altyap\u0131 tak\u0131mlar\u0131m\u0131z\u0131n ma\u00e7lar\u0131n\u0131 takip edece\u011fiz. Onlar\u0131 A tak\u0131ma katabilmek i\u00e7in m\u00fccadele edece\u011fiz. Bu nedenle uzun vadeli \u00e7al\u0131\u015fmak istiyorum. Umar\u0131m arzulad\u0131\u011f\u0131m\u0131z gibi ba\u015far\u0131l\u0131 oluruz.\u201d<br \/><\/p>\n","protected":false},"excerpt":{"rendered":"<p>Alt\u0131nordu, teknik direkt\u00f6rl\u00fck g\u00f6revi i\u00e7in Ersan Parlatan ile 1.5 y\u0131ll\u0131k s\u00f6zle\u015fme imzalad\u0131\u011f\u0131n\u0131 duyurdu. TFF 2. Lig Beyaz Grup\u2019taki 18. hafta m\u00fccadelesinde \u0130neg\u00f6lspor\u2019la deplasmanda gols\u00fcz berabere kalan Alt\u0131nordu, ya\u015fanan bu puan kayb\u0131n\u0131n faturas\u0131n\u0131 Teknik Direkt\u00f6r Olcay \u015eahan\u2019a \u00e7\u0131kard\u0131 ve gen\u00e7 \u00e7al\u0131\u015ft\u0131r\u0131c\u0131 ile yollar\u0131n\u0131 ay\u0131rma karar\u0131 ald\u0131. \u0130zmir ekibi, bu hamle sonras\u0131nda k\u0131sa bir s\u00fcre i\u00e7erisinde 47&#8230;<\/p>\n","protected":false},"author":1,"featured_media":11581,"comment_status":"open","ping_status":"open","sticky":false,"template":"","format":"standard","meta":{"_crdt_document":"","footnotes":""},"categories":[4],"tags":[],"class_list":["post-11580","post","type-post","status-publish","format-standard","has-post-thumbnail","hentry","category-spor"],"_links":{"self":[{"href":"https:\/\/www.egemtv.com\/index.php?rest_route=\/wp\/v2\/posts\/11580","targetHints":{"allow":["GET"]}}],"collection":[{"href":"https:\/\/www.egemtv.com\/index.php?rest_route=\/wp\/v2\/posts"}],"about":[{"href":"https:\/\/www.egemtv.com\/index.php?rest_route=\/wp\/v2\/types\/post"}],"author":[{"embeddable":true,"href":"https:\/\/www.egemtv.com\/index.php?rest_route=\/wp\/v2\/users\/1"}],"replies":[{"embeddable":true,"href":"https:\/\/www.egemtv.com\/index.php?rest_route=%2Fwp%2Fv2%2Fcomments&post=11580"}],"version-history":[{"count":1,"href":"https:\/\/www.egemtv.com\/index.php?rest_route=\/wp\/v2\/posts\/11580\/revisions"}],"predecessor-version":[{"id":11582,"href":"https:\/\/www.egemtv.com\/index.php?rest_route=\/wp\/v2\/posts\/11580\/revisions\/11582"}],"wp:featuredmedia":[{"embeddable":true,"href":"https:\/\/www.egemtv.com\/index.php?rest_route=\/wp\/v2\/media\/11581"}],"wp:attachment":[{"href":"https:\/\/www.egemtv.com\/index.php?rest_route=%2Fwp%2Fv2%2Fmedia&parent=11580"}],"wp:term":[{"taxonomy":"category","embeddable":true,"href":"https:\/\/www.egemtv.com\/index.php?rest_route=%2Fwp%2Fv2%2Fcategories&post=11580"},{"taxonomy":"post_tag","embeddable":true,"href":"https:\/\/www.egemtv.com\/index.php?rest_route=%2Fwp%2Fv2%2Ftags&post=11580"}],"curies":[{"name":"wp","href":"https:\/\/api.w.org\/{rel}","templated":true}]}}