{"id":11574,"date":"2025-01-23T10:01:46","date_gmt":"2025-01-23T07:01:46","guid":{"rendered":"https:\/\/www.egemtv.com\/?p=11574"},"modified":"2025-01-23T10:01:48","modified_gmt":"2025-01-23T07:01:48","slug":"baskan-celik-cocuklarla-eglenceli-vakit-gecirdi","status":"publish","type":"post","link":"https:\/\/www.egemtv.com\/?p=11574","title":{"rendered":"Ba\u015fkan \u00c7elik \u00e7ocuklarla e\u011flenceli vakit ge\u00e7irdi"},"content":{"rendered":"<p>Denizli\u2019de 5-10 ya\u015f aras\u0131 \u00e7ocuklar\u0131n zihinsel yeteneklerine geli\u015ftirmek i\u00e7in Bozkurt Belediyesi\u2019nin Ak\u0131l Zeka Oyunlar\u0131 adl\u0131 kursa Bozkurt Belediye Ba\u015fkan\u0131 Birsen \u00c7elik ziyaret etti. \u00c7ocuklarla e\u011flenceli vakitler ge\u00e7iren Ba\u015fkan \u00c7elik, \u201cBozkurt Belediyesi Sanat Merkezimize t\u00fcm \u00e7ocuklar\u0131m\u0131z\u0131 bekliyoruz\u201d dedi.<\/p>\n<p>Bozkurt Belediyesi, \u00e7ocuklar\u0131n geli\u015fimi i\u00e7in \u00e7al\u0131\u015fmalar\u0131 h\u0131z kesmeden devam ediyor. Bozkurt Belediyesi\u2019nin d\u00fczenledi\u011fi 5-10 ya\u015f aras\u0131 \u00e7ocuklar i\u00e7in Ak\u0131l Zeka Oyunlar\u0131 d\u00fczenliyor. Ki\u015fisel Geli\u015fim Merkezi\u2019nde d\u00fczenlenen kurslar haftada 2 g\u00fcn olaca\u011f\u0131 belirtildi. Bozkurt Belediyesi Sanat Merkezi\u2019ne ziyaret eden Ba\u015fkan Birsen \u00c7elik \u00e7ocuklarla e\u011flenceli vakitler ge\u00e7irdi. \u00c7ocuklarla birlikte oyunlar\u0131 e\u015flik ederek e\u011flenceli vakitler ge\u00e7iren Ba\u015fkan \u00c7elik, il\u00e7edeki b\u00fct\u00fcn \u00e7ocuklar\u0131 Sanat Merkezi\u2019ne beklediklerini belirtti.<\/p>\n<p>\u201cDaha \u2018Mutlu Bozkurt\u2019 i\u00e7in var g\u00fcc\u00fcm\u00fczle \u00e7al\u0131\u015fmaya devam edece\u011fiz\u201d<br \/>\n<br \/>\u00c7ocuklarla keyifli vakitler ge\u00e7irdi\u011fini ve daha mutlu Bozkurt i\u00e7in \u00e7al\u0131\u015fmaya devam ettiklerini belirten Ba\u015fkan \u00c7elik,  &#8220;Hayata ge\u00e7irdi\u011fimiz Ak\u0131l Zeka Oyunlar\u0131 S\u0131n\u0131f\u0131n\u0131 ziyaret ettik. Memleketimizin gelece\u011fi olan \u00e7ocuklar\u0131m\u0131zla keyifli vakit ge\u00e7irdik, oyunlar oynad\u0131k. Daha \u2018Mutlu Bozkurt\u2019 i\u00e7in var g\u00fcc\u00fcm\u00fczle \u00e7al\u0131\u015fmaya devam edece\u011fiz. Bozkurt Belediyesi Sanat Merkezimize t\u00fcm \u00e7ocuklar\u0131m\u0131z\u0131 bekliyoruz\u201d dedi.<br \/><\/p>\n","protected":false},"excerpt":{"rendered":"<p>Denizli\u2019de 5-10 ya\u015f aras\u0131 \u00e7ocuklar\u0131n zihinsel yeteneklerine geli\u015ftirmek i\u00e7in Bozkurt Belediyesi\u2019nin Ak\u0131l Zeka Oyunlar\u0131 adl\u0131 kursa Bozkurt Belediye Ba\u015fkan\u0131 Birsen \u00c7elik ziyaret etti. \u00c7ocuklarla e\u011flenceli vakitler ge\u00e7iren Ba\u015fkan \u00c7elik, \u201cBozkurt Belediyesi Sanat Merkezimize t\u00fcm \u00e7ocuklar\u0131m\u0131z\u0131 bekliyoruz\u201d dedi. Bozkurt Belediyesi, \u00e7ocuklar\u0131n geli\u015fimi i\u00e7in \u00e7al\u0131\u015fmalar\u0131 h\u0131z kesmeden devam ediyor. Bozkurt Belediyesi\u2019nin d\u00fczenledi\u011fi 5-10 ya\u015f aras\u0131 \u00e7ocuklar i\u00e7in&#8230;<\/p>\n","protected":false},"author":1,"featured_media":11575,"comment_status":"open","ping_status":"open","sticky":false,"template":"","format":"standard","meta":{"_crdt_document":"","footnotes":""},"categories":[1],"tags":[],"class_list":["post-11574","post","type-post","status-publish","format-standard","has-post-thumbnail","hentry","category-guncel"],"_links":{"self":[{"href":"https:\/\/www.egemtv.com\/index.php?rest_route=\/wp\/v2\/posts\/11574","targetHints":{"allow":["GET"]}}],"collection":[{"href":"https:\/\/www.egemtv.com\/index.php?rest_route=\/wp\/v2\/posts"}],"about":[{"href":"https:\/\/www.egemtv.com\/index.php?rest_route=\/wp\/v2\/types\/post"}],"author":[{"embeddable":true,"href":"https:\/\/www.egemtv.com\/index.php?rest_route=\/wp\/v2\/users\/1"}],"replies":[{"embeddable":true,"href":"https:\/\/www.egemtv.com\/index.php?rest_route=%2Fwp%2Fv2%2Fcomments&post=11574"}],"version-history":[{"count":1,"href":"https:\/\/www.egemtv.com\/index.php?rest_route=\/wp\/v2\/posts\/11574\/revisions"}],"predecessor-version":[{"id":11576,"href":"https:\/\/www.egemtv.com\/index.php?rest_route=\/wp\/v2\/posts\/11574\/revisions\/11576"}],"wp:featuredmedia":[{"embeddable":true,"href":"https:\/\/www.egemtv.com\/index.php?rest_route=\/wp\/v2\/media\/11575"}],"wp:attachment":[{"href":"https:\/\/www.egemtv.com\/index.php?rest_route=%2Fwp%2Fv2%2Fmedia&parent=11574"}],"wp:term":[{"taxonomy":"category","embeddable":true,"href":"https:\/\/www.egemtv.com\/index.php?rest_route=%2Fwp%2Fv2%2Fcategories&post=11574"},{"taxonomy":"post_tag","embeddable":true,"href":"https:\/\/www.egemtv.com\/index.php?rest_route=%2Fwp%2Fv2%2Ftags&post=11574"}],"curies":[{"name":"wp","href":"https:\/\/api.w.org\/{rel}","templated":true}]}}