{"id":11568,"date":"2025-01-23T10:01:40","date_gmt":"2025-01-23T07:01:40","guid":{"rendered":"https:\/\/www.egemtv.com\/?p=11568"},"modified":"2025-01-23T10:01:44","modified_gmt":"2025-01-23T07:01:44","slug":"akdeniz-meyve-sineginde-artis-olmadi-ureticiler-sevindi","status":"publish","type":"post","link":"https:\/\/www.egemtv.com\/?p=11568","title":{"rendered":"Akdeniz meyve sine\u011finde art\u0131\u015f olmad\u0131, \u00fcreticiler sevindi"},"content":{"rendered":"<p>T\u00fcrkiye\u2019nin \u00f6nemli tar\u0131m kentlerinden olan Ayd\u0131n\u2019\u0131n S\u00f6ke il\u00e7esinde, Akdeniz meyve sine\u011fine kar\u015f\u0131 yerle\u015ftirilen tuzaklar kontrol edilirken, anormal bir art\u0131\u015f\u0131n olmamas\u0131 \u00fcreticileri sevindirdi.<br \/>\n<br \/>S\u00f6ke \u0130l\u00e7e Tar\u0131m ve Orman M\u00fcd\u00fcrl\u00fc\u011f\u00fc personelleri bitki sa\u011fl\u0131\u011f\u0131 ile ilgili konularda arazide periyodik kontrollerine devam ediyor. Bu \u00e7er\u00e7evede sahaya inen ekipler, portakal, mandalina gibi meyve a\u011fa\u00e7lar\u0131nda Akdeniz meyve sine\u011fi i\u00e7in yerle\u015ftirilen izleme tuzaklar\u0131n\u0131 yerinde kontrol etti. Yap\u0131lan say\u0131mlar sonras\u0131nda Akdeniz meyve sine\u011finde anormal bir art\u0131\u015f g\u00f6zlemlenmedi. Zararl\u0131 pop\u00fclasyonlar\u0131n\u0131n da incelendi\u011fi kontrollerde zararl\u0131 yo\u011funlu\u011funun tespit edilmesi halinde ise \u00e7ift\u00e7iler m\u00fccadele ve m\u00fcdahale i\u00e7in uyar\u0131l\u0131yor. B\u00f6ylece olu\u015fabilecek verim kay\u0131plar\u0131n\u0131n da \u00f6n\u00fcne ge\u00e7ilmesi sa\u011flan\u0131yor.<br \/><\/p>\n","protected":false},"excerpt":{"rendered":"<p>T\u00fcrkiye\u2019nin \u00f6nemli tar\u0131m kentlerinden olan Ayd\u0131n\u2019\u0131n S\u00f6ke il\u00e7esinde, Akdeniz meyve sine\u011fine kar\u015f\u0131 yerle\u015ftirilen tuzaklar kontrol edilirken, anormal bir art\u0131\u015f\u0131n olmamas\u0131 \u00fcreticileri sevindirdi. S\u00f6ke \u0130l\u00e7e Tar\u0131m ve Orman M\u00fcd\u00fcrl\u00fc\u011f\u00fc personelleri bitki sa\u011fl\u0131\u011f\u0131 ile ilgili konularda arazide periyodik kontrollerine devam ediyor. Bu \u00e7er\u00e7evede sahaya inen ekipler, portakal, mandalina gibi meyve a\u011fa\u00e7lar\u0131nda Akdeniz meyve sine\u011fi i\u00e7in yerle\u015ftirilen izleme&#8230;<\/p>\n","protected":false},"author":1,"featured_media":11569,"comment_status":"open","ping_status":"open","sticky":false,"template":"","format":"standard","meta":{"_crdt_document":"","footnotes":""},"categories":[1],"tags":[],"class_list":["post-11568","post","type-post","status-publish","format-standard","has-post-thumbnail","hentry","category-guncel"],"_links":{"self":[{"href":"https:\/\/www.egemtv.com\/index.php?rest_route=\/wp\/v2\/posts\/11568","targetHints":{"allow":["GET"]}}],"collection":[{"href":"https:\/\/www.egemtv.com\/index.php?rest_route=\/wp\/v2\/posts"}],"about":[{"href":"https:\/\/www.egemtv.com\/index.php?rest_route=\/wp\/v2\/types\/post"}],"author":[{"embeddable":true,"href":"https:\/\/www.egemtv.com\/index.php?rest_route=\/wp\/v2\/users\/1"}],"replies":[{"embeddable":true,"href":"https:\/\/www.egemtv.com\/index.php?rest_route=%2Fwp%2Fv2%2Fcomments&post=11568"}],"version-history":[{"count":1,"href":"https:\/\/www.egemtv.com\/index.php?rest_route=\/wp\/v2\/posts\/11568\/revisions"}],"predecessor-version":[{"id":11570,"href":"https:\/\/www.egemtv.com\/index.php?rest_route=\/wp\/v2\/posts\/11568\/revisions\/11570"}],"wp:featuredmedia":[{"embeddable":true,"href":"https:\/\/www.egemtv.com\/index.php?rest_route=\/wp\/v2\/media\/11569"}],"wp:attachment":[{"href":"https:\/\/www.egemtv.com\/index.php?rest_route=%2Fwp%2Fv2%2Fmedia&parent=11568"}],"wp:term":[{"taxonomy":"category","embeddable":true,"href":"https:\/\/www.egemtv.com\/index.php?rest_route=%2Fwp%2Fv2%2Fcategories&post=11568"},{"taxonomy":"post_tag","embeddable":true,"href":"https:\/\/www.egemtv.com\/index.php?rest_route=%2Fwp%2Fv2%2Ftags&post=11568"}],"curies":[{"name":"wp","href":"https:\/\/api.w.org\/{rel}","templated":true}]}}