{"id":11565,"date":"2025-01-23T09:40:37","date_gmt":"2025-01-23T06:40:37","guid":{"rendered":"https:\/\/www.egemtv.com\/?p=11565"},"modified":"2025-01-23T09:40:39","modified_gmt":"2025-01-23T06:40:39","slug":"sehir-hastanesi-yolunun-45-kmsi-tamamlandi","status":"publish","type":"post","link":"https:\/\/www.egemtv.com\/?p=11565","title":{"rendered":"\u015eehir Hastanesi yolunun 4,5 km\u2019si tamamland\u0131"},"content":{"rendered":"<p>Sa\u011fl\u0131k Bakanl\u0131\u011f\u0131\u2019n\u0131n 2020 yat\u0131r\u0131m program\u0131na al\u0131narak 2021 y\u0131l\u0131 Kas\u0131m ay\u0131nda merkez il\u00e7e Efeler\u2019de in\u015faat\u0131na ba\u015flanan Ayd\u0131n \u015eehir Hastanesi\u2019nde sona gelinirken, \u00e7al\u0131\u015fmalar\u0131 s\u00fcren toplam 5,5 kilometre uzunlu\u011fundaki hastane yolunun da 4,5 kilometresi tamamland\u0131.<\/p>\n<p>T\u00fcrkiye\u2019nin 21. \u015eehir Hastanesi Ayd\u0131n\u2019da y\u00fckselmeye devam ederken, Ayd\u0131n Valili\u011fi de \u00e7al\u0131\u015fmalar\u0131 yak\u0131ndan takip ediyor. Ayd\u0131n\u2019\u0131n sevk eden de\u011fil sevk alan bir il konumuna getirmesi beklenen \u015eehir Hastanesi\u2019nin yol yap\u0131m \u00e7al\u0131\u015fmalar\u0131 da devam ediyor. Toplam uzunlu\u011fu 5,5 kilometre olan ve 13 Kas\u0131m 2023 y\u0131l\u0131nda yap\u0131m\u0131na ba\u015flanan yolun \u015fu ana kadar 4,5 kilometrelik b\u00f6l\u00fcm\u00fc tamamland\u0131. Proje kapsam\u0131nda 4 k\u00f6pr\u00fc in\u015faat\u0131 yap\u0131m i\u015finin de bitti\u011fi \u00f6\u011frenilirken, kalan b\u00f6l\u00fcmlerin en k\u0131sa s\u00fcrede tamamlanaca\u011f\u0131 \u00f6\u011frenildi. Yol yap\u0131m \u00e7al\u0131\u015fmalar\u0131n\u0131n ard\u0131ndan 5,5 kilometre uzunlu\u011fundaki yola asfalt a\u015f\u0131nma kaplamas\u0131 yap\u0131lacak.<\/p>\n<p>Ayr\u0131ca hastane ula\u015f\u0131m\u0131n\u0131n h\u0131zl\u0131 ve rahat olmas\u0131 amac\u0131yla yap\u0131lan yol \u00e7al\u0131\u015fmalar\u0131na 2024 y\u0131l\u0131nda toplam 1,276 milyar TL\u2019nin harcand\u0131\u011f\u0131 \u00f6\u011frenildi. 2025 y\u0131l\u0131 rakamlar\u0131na g\u00f6re proje bedeli 2 milyar 930 milyon TL olan hastane yolu projesi kapsam\u0131nda bug\u00fcne kadar toplam 2 milyar 400 milyon TL harcama yap\u0131ld\u0131.<br \/><\/p>\n","protected":false},"excerpt":{"rendered":"<p>Sa\u011fl\u0131k Bakanl\u0131\u011f\u0131\u2019n\u0131n 2020 yat\u0131r\u0131m program\u0131na al\u0131narak 2021 y\u0131l\u0131 Kas\u0131m ay\u0131nda merkez il\u00e7e Efeler\u2019de in\u015faat\u0131na ba\u015flanan Ayd\u0131n \u015eehir Hastanesi\u2019nde sona gelinirken, \u00e7al\u0131\u015fmalar\u0131 s\u00fcren toplam 5,5 kilometre uzunlu\u011fundaki hastane yolunun da 4,5 kilometresi tamamland\u0131. T\u00fcrkiye\u2019nin 21. \u015eehir Hastanesi Ayd\u0131n\u2019da y\u00fckselmeye devam ederken, Ayd\u0131n Valili\u011fi de \u00e7al\u0131\u015fmalar\u0131 yak\u0131ndan takip ediyor. Ayd\u0131n\u2019\u0131n sevk eden de\u011fil sevk alan bir il&#8230;<\/p>\n","protected":false},"author":1,"featured_media":11566,"comment_status":"open","ping_status":"open","sticky":false,"template":"","format":"standard","meta":{"_crdt_document":"","footnotes":""},"categories":[1],"tags":[],"class_list":["post-11565","post","type-post","status-publish","format-standard","has-post-thumbnail","hentry","category-guncel"],"_links":{"self":[{"href":"https:\/\/www.egemtv.com\/index.php?rest_route=\/wp\/v2\/posts\/11565","targetHints":{"allow":["GET"]}}],"collection":[{"href":"https:\/\/www.egemtv.com\/index.php?rest_route=\/wp\/v2\/posts"}],"about":[{"href":"https:\/\/www.egemtv.com\/index.php?rest_route=\/wp\/v2\/types\/post"}],"author":[{"embeddable":true,"href":"https:\/\/www.egemtv.com\/index.php?rest_route=\/wp\/v2\/users\/1"}],"replies":[{"embeddable":true,"href":"https:\/\/www.egemtv.com\/index.php?rest_route=%2Fwp%2Fv2%2Fcomments&post=11565"}],"version-history":[{"count":1,"href":"https:\/\/www.egemtv.com\/index.php?rest_route=\/wp\/v2\/posts\/11565\/revisions"}],"predecessor-version":[{"id":11567,"href":"https:\/\/www.egemtv.com\/index.php?rest_route=\/wp\/v2\/posts\/11565\/revisions\/11567"}],"wp:featuredmedia":[{"embeddable":true,"href":"https:\/\/www.egemtv.com\/index.php?rest_route=\/wp\/v2\/media\/11566"}],"wp:attachment":[{"href":"https:\/\/www.egemtv.com\/index.php?rest_route=%2Fwp%2Fv2%2Fmedia&parent=11565"}],"wp:term":[{"taxonomy":"category","embeddable":true,"href":"https:\/\/www.egemtv.com\/index.php?rest_route=%2Fwp%2Fv2%2Fcategories&post=11565"},{"taxonomy":"post_tag","embeddable":true,"href":"https:\/\/www.egemtv.com\/index.php?rest_route=%2Fwp%2Fv2%2Ftags&post=11565"}],"curies":[{"name":"wp","href":"https:\/\/api.w.org\/{rel}","templated":true}]}}