{"id":11562,"date":"2025-01-23T09:21:51","date_gmt":"2025-01-23T06:21:51","guid":{"rendered":"https:\/\/www.egemtv.com\/?p=11562"},"modified":"2025-01-23T09:21:56","modified_gmt":"2025-01-23T06:21:56","slug":"baskan-omer-gunelden-kirazliya-sosyal-tesis-mujdesi","status":"publish","type":"post","link":"https:\/\/www.egemtv.com\/?p=11562","title":{"rendered":"Ba\u015fkan \u00d6mer G\u00fcnel\u2019den Kirazl\u0131\u2019ya sosyal tesis m\u00fcjdesi"},"content":{"rendered":"<p>Mobil Ofis Hizmet Arac\u0131 ile Kirazl\u0131 Mahallesi\u2019ni ziyaret eden Ba\u015fkan \u00d6mer G\u00fcnel\u2019den b\u00f6lgeye yeni yat\u0131r\u0131m m\u00fcjdesi geldi. \u00c7ok yak\u0131nda Kirazl\u0131\u2019da sosyal bir tesisin yap\u0131m\u0131na ba\u015flanaca\u011f\u0131n\u0131 belirten Ba\u015fkan \u00d6mer G\u00fcnel; \u201cK\u00f6y meydan\u0131n\u0131n hemen yan\u0131nda bulunan 7 bin 500 metrekarelik alan\u0131 d\u00fczenleyip, b\u00fcnyesinde kafeterya, sanat evi ve kitap kafe gibi \u00fcniteleri bar\u0131nd\u0131racak olan bir tesis olarak hem\u015fehrilerimizin kullan\u0131m\u0131na sunaca\u011f\u0131z\u201d dedi.<\/p>\n<p>G\u00f6reve geldi\u011fi g\u00fcnden bu yana \u00e7al\u0131\u015fmalar\u0131n\u0131 \u201cBelediye ba\u015fkan\u0131n\u0131n makam\u0131 sokaklard\u0131r\u201d anlay\u0131\u015f\u0131 ile s\u00fcrd\u00fcren Ba\u015fkan \u00d6mer G\u00fcnel, Mobil Ofis Hizmet Arac\u0131 ile ger\u00e7ekle\u015ftirdi\u011fi alan gezilerini s\u00fcrd\u00fcr\u00fcyor. Bu kapsamda Ba\u015fkan \u00d6mer G\u00fcnel\u2019in son dura\u011f\u0131 Kirazl\u0131 Mahallesi oldu. Belediye Meclis \u00dcyeleri, birim m\u00fcd\u00fcrleri ve Kirazl\u0131 Mahalle Muhtar\u0131 \u0130brahim Sayar\u2019\u0131n da kat\u0131ld\u0131\u011f\u0131 alan gezisinde Ba\u015fkan \u00d6mer G\u00fcnel, \u00f6nce k\u00f6y kahvesinde hem\u015fehrileriyle bulu\u015farak sorun, talep ve \u00f6nerileri dinledi. Ard\u0131ndan Ba\u015fkan \u00d6mer G\u00fcnel k\u00f6y meydan\u0131na ge\u00e7erek hemen yan\u0131nda bulunan 7 bin 500 metrekarelik alanda \u00e7ok yak\u0131nda yap\u0131m\u0131na ba\u015flanacak olan sosyal tesis i\u00e7in incelemelerde bulundu.<\/p>\n<p>Kirazl\u0131 Mahallesi\u2019ne yat\u0131r\u0131mlar\u0131n h\u0131z kesmeden devam edece\u011fini belirten Ba\u015fkan \u00d6mer G\u00fcnel; &#8220;Muhtar\u0131m\u0131z ve mahallelimizin yo\u011fun kat\u0131l\u0131m\u0131yla olduk\u00e7a verimli bir bulu\u015fma ger\u00e7ekle\u015ftirdik. K\u0131sa s\u00fcre sonra Kirazl\u0131\u2019ya yeni bir sosyal tesis kazand\u0131raca\u011f\u0131z. Proje haz\u0131rl\u0131klar\u0131m\u0131z\u0131 ba\u015flat\u0131yoruz. Sosyal tesisimizde sanat evi, ARYA Kafe, kitap kafe, kooperatiflerimiz i\u00e7in end\u00fcstriyel bir mutfak ve d\u00fc\u011f\u00fcnlerde kullan\u0131lacak gelin odas\u0131 gibi yerler olacak. \u015eimdiden Kirazl\u0131\u2019ya hay\u0131rl\u0131 olmas\u0131n\u0131 diliyorum&#8221; diye konu\u015ftu.<br \/><\/p>\n","protected":false},"excerpt":{"rendered":"<p>Mobil Ofis Hizmet Arac\u0131 ile Kirazl\u0131 Mahallesi\u2019ni ziyaret eden Ba\u015fkan \u00d6mer G\u00fcnel\u2019den b\u00f6lgeye yeni yat\u0131r\u0131m m\u00fcjdesi geldi. \u00c7ok yak\u0131nda Kirazl\u0131\u2019da sosyal bir tesisin yap\u0131m\u0131na ba\u015flanaca\u011f\u0131n\u0131 belirten Ba\u015fkan \u00d6mer G\u00fcnel; \u201cK\u00f6y meydan\u0131n\u0131n hemen yan\u0131nda bulunan 7 bin 500 metrekarelik alan\u0131 d\u00fczenleyip, b\u00fcnyesinde kafeterya, sanat evi ve kitap kafe gibi \u00fcniteleri bar\u0131nd\u0131racak olan bir tesis olarak hem\u015fehrilerimizin&#8230;<\/p>\n","protected":false},"author":1,"featured_media":11563,"comment_status":"open","ping_status":"open","sticky":false,"template":"","format":"standard","meta":{"_crdt_document":"","footnotes":""},"categories":[127],"tags":[],"class_list":["post-11562","post","type-post","status-publish","format-standard","has-post-thumbnail","hentry","category-siyaset"],"_links":{"self":[{"href":"https:\/\/www.egemtv.com\/index.php?rest_route=\/wp\/v2\/posts\/11562","targetHints":{"allow":["GET"]}}],"collection":[{"href":"https:\/\/www.egemtv.com\/index.php?rest_route=\/wp\/v2\/posts"}],"about":[{"href":"https:\/\/www.egemtv.com\/index.php?rest_route=\/wp\/v2\/types\/post"}],"author":[{"embeddable":true,"href":"https:\/\/www.egemtv.com\/index.php?rest_route=\/wp\/v2\/users\/1"}],"replies":[{"embeddable":true,"href":"https:\/\/www.egemtv.com\/index.php?rest_route=%2Fwp%2Fv2%2Fcomments&post=11562"}],"version-history":[{"count":1,"href":"https:\/\/www.egemtv.com\/index.php?rest_route=\/wp\/v2\/posts\/11562\/revisions"}],"predecessor-version":[{"id":11564,"href":"https:\/\/www.egemtv.com\/index.php?rest_route=\/wp\/v2\/posts\/11562\/revisions\/11564"}],"wp:featuredmedia":[{"embeddable":true,"href":"https:\/\/www.egemtv.com\/index.php?rest_route=\/wp\/v2\/media\/11563"}],"wp:attachment":[{"href":"https:\/\/www.egemtv.com\/index.php?rest_route=%2Fwp%2Fv2%2Fmedia&parent=11562"}],"wp:term":[{"taxonomy":"category","embeddable":true,"href":"https:\/\/www.egemtv.com\/index.php?rest_route=%2Fwp%2Fv2%2Fcategories&post=11562"},{"taxonomy":"post_tag","embeddable":true,"href":"https:\/\/www.egemtv.com\/index.php?rest_route=%2Fwp%2Fv2%2Ftags&post=11562"}],"curies":[{"name":"wp","href":"https:\/\/api.w.org\/{rel}","templated":true}]}}