{"id":11559,"date":"2025-01-23T08:49:05","date_gmt":"2025-01-23T05:49:05","guid":{"rendered":"https:\/\/www.egemtv.com\/?p=11559"},"modified":"2025-01-23T08:49:07","modified_gmt":"2025-01-23T05:49:07","slug":"sarigoldeki-egitim-calismalarini-konustular","status":"publish","type":"post","link":"https:\/\/www.egemtv.com\/?p=11559","title":{"rendered":"Sar\u0131g\u00f6l\u2019deki e\u011fitim \u00e7al\u0131\u015fmalar\u0131n\u0131 konu\u015ftular"},"content":{"rendered":"<p>Manisa\u2019n\u0131n Sar\u0131g\u00f6l Kaymakam\u0131 Halil Dalak, Sar\u0131g\u00f6l \u0130l\u00e7e Milli E\u011fitim M\u00fcd\u00fcr\u00fc Cezmi Y\u0131ld\u0131rak\u2019\u0131 makam\u0131nda ziyaret ederek il\u00e7enin e\u011fitim ve \u00f6\u011fretim durumu hakk\u0131nda bilgi ald\u0131.<br \/>\n<br \/>2024-2025 E\u011fitim-\u00d6\u011fretim y\u0131l\u0131n\u0131n ikinci d\u00f6neminde ikili \u00f6\u011fretimin sona erece\u011fi Sar\u0131g\u00f6l\u2019de Kaymakam Halil Dalak, \u0130l\u00e7e Milli E\u011fitim M\u00fcd\u00fcr\u00fc Cezmi Y\u0131ld\u0131rak\u2019\u0131 ziyaret ederek il\u00e7enin e\u011fitim \u00f6\u011fretim durumu hakk\u0131nda bilgi ald\u0131.<br \/>\n<br \/>Ziyareti de\u011ferlendiren Sar\u0131g\u00f6l \u0130l\u00e7e Milli E\u011fitim M\u00fcd\u00fcr\u00fc Cezmi Y\u0131ld\u0131rak yapt\u0131\u011f\u0131 a\u00e7\u0131klamada \u015funlar\u0131 s\u00f6yledi: \u201cKaymakam\u0131z Halil Dalak, \u0130l\u00e7e Milli E\u011fitim M\u00fcd\u00fcrl\u00fc\u011f\u00fcm\u00fcz\u00fc ziyaret ederek il\u00e7emizin e\u011fitim durumu ve yap\u0131lan \u00e7al\u0131\u015fmalar hakk\u0131nda brifing ald\u0131. E\u011fitim \u00f6\u011fretimin ikinci d\u00f6neminde yap\u0131lacak faaliyetler hakk\u0131nda da bilgi alan Kaymakam\u0131m\u0131z \u00e7e\u015fitli de\u011ferlendirmelerde bulundu. ziyaretlerinden dolay\u0131 kaymakam\u0131m\u0131za te\u015fekk\u00fcr ederim.\u201d<br \/><\/p>\n","protected":false},"excerpt":{"rendered":"<p>Manisa\u2019n\u0131n Sar\u0131g\u00f6l Kaymakam\u0131 Halil Dalak, Sar\u0131g\u00f6l \u0130l\u00e7e Milli E\u011fitim M\u00fcd\u00fcr\u00fc Cezmi Y\u0131ld\u0131rak\u2019\u0131 makam\u0131nda ziyaret ederek il\u00e7enin e\u011fitim ve \u00f6\u011fretim durumu hakk\u0131nda bilgi ald\u0131. 2024-2025 E\u011fitim-\u00d6\u011fretim y\u0131l\u0131n\u0131n ikinci d\u00f6neminde ikili \u00f6\u011fretimin sona erece\u011fi Sar\u0131g\u00f6l\u2019de Kaymakam Halil Dalak, \u0130l\u00e7e Milli E\u011fitim M\u00fcd\u00fcr\u00fc Cezmi Y\u0131ld\u0131rak\u2019\u0131 ziyaret ederek il\u00e7enin e\u011fitim \u00f6\u011fretim durumu hakk\u0131nda bilgi ald\u0131. Ziyareti de\u011ferlendiren Sar\u0131g\u00f6l \u0130l\u00e7e&#8230;<\/p>\n","protected":false},"author":1,"featured_media":11560,"comment_status":"open","ping_status":"open","sticky":false,"template":"","format":"standard","meta":{"_crdt_document":"","footnotes":""},"categories":[1],"tags":[],"class_list":["post-11559","post","type-post","status-publish","format-standard","has-post-thumbnail","hentry","category-guncel"],"_links":{"self":[{"href":"https:\/\/www.egemtv.com\/index.php?rest_route=\/wp\/v2\/posts\/11559","targetHints":{"allow":["GET"]}}],"collection":[{"href":"https:\/\/www.egemtv.com\/index.php?rest_route=\/wp\/v2\/posts"}],"about":[{"href":"https:\/\/www.egemtv.com\/index.php?rest_route=\/wp\/v2\/types\/post"}],"author":[{"embeddable":true,"href":"https:\/\/www.egemtv.com\/index.php?rest_route=\/wp\/v2\/users\/1"}],"replies":[{"embeddable":true,"href":"https:\/\/www.egemtv.com\/index.php?rest_route=%2Fwp%2Fv2%2Fcomments&post=11559"}],"version-history":[{"count":1,"href":"https:\/\/www.egemtv.com\/index.php?rest_route=\/wp\/v2\/posts\/11559\/revisions"}],"predecessor-version":[{"id":11561,"href":"https:\/\/www.egemtv.com\/index.php?rest_route=\/wp\/v2\/posts\/11559\/revisions\/11561"}],"wp:featuredmedia":[{"embeddable":true,"href":"https:\/\/www.egemtv.com\/index.php?rest_route=\/wp\/v2\/media\/11560"}],"wp:attachment":[{"href":"https:\/\/www.egemtv.com\/index.php?rest_route=%2Fwp%2Fv2%2Fmedia&parent=11559"}],"wp:term":[{"taxonomy":"category","embeddable":true,"href":"https:\/\/www.egemtv.com\/index.php?rest_route=%2Fwp%2Fv2%2Fcategories&post=11559"},{"taxonomy":"post_tag","embeddable":true,"href":"https:\/\/www.egemtv.com\/index.php?rest_route=%2Fwp%2Fv2%2Ftags&post=11559"}],"curies":[{"name":"wp","href":"https:\/\/api.w.org\/{rel}","templated":true}]}}