{"id":11556,"date":"2025-01-23T08:49:02","date_gmt":"2025-01-23T05:49:02","guid":{"rendered":"https:\/\/www.egemtv.com\/?p=11556"},"modified":"2025-01-23T08:49:04","modified_gmt":"2025-01-23T05:49:04","slug":"kirmizi-yol-yerine-yesil-yol","status":"publish","type":"post","link":"https:\/\/www.egemtv.com\/?p=11556","title":{"rendered":"K\u0131rm\u0131z\u0131 Yol yerine Ye\u015fil Yol"},"content":{"rendered":"<p>Manisa B\u00fcy\u00fck\u015fehir Belediyesi\u2019nin internet sitesinde yap\u0131lan anket sonucu, kat\u0131l\u0131mc\u0131lar\u0131n y\u00fczde 86\u2019s\u0131n\u0131n kald\u0131r\u0131lmas\u0131 y\u00f6n\u00fcndeki oyuyla K\u0131rm\u0131z\u0131 Yol uygulamas\u0131 sona erdi. K\u0131rm\u0131z\u0131 Yol\u2019un, ye\u015fil renge boyanarak ara\u00e7 trafi\u011fine a\u00e7\u0131lmas\u0131na karar verildi. Kararla birlikte, Ye\u015fil Yol, 27 Ocak Pazartesi g\u00fcn\u00fcnden itibaren, toplu ula\u015f\u0131m ara\u00e7lar\u0131 ve \u00f6zel ara\u00e7lar birlikte kullanabilecek.<br \/>\n<br \/>Manisa B\u00fcy\u00fck\u015fehir Belediyesi, kenti kat\u0131l\u0131mc\u0131 y\u00f6netim anlay\u0131\u015f\u0131 ile y\u00f6netmeye devam ediyor. Her yap\u0131lacak uygulamada halk\u0131n fikrini almaya \u00f6zen g\u00f6steren Manisa B\u00fcy\u00fck\u015fehir Belediye Ba\u015fkan\u0131 Ferdi Zeyrek, K\u0131rm\u0131z\u0131 Yol uygulamas\u0131n\u0131n gelece\u011fine de vatanda\u015flar\u0131n karar vermesi i\u00e7in anket \u00e7al\u0131\u015fmas\u0131 ba\u015flatm\u0131\u015ft\u0131. Yap\u0131lan anket sonucunda vatanda\u015flar\u0131n y\u00fczde 86\u2019s\u0131 uygulaman\u0131n sona ermesi y\u00f6n\u00fcnde oy kullanm\u0131\u015f ve uygulama sona ermi\u015fti.<\/p>\n<p>UKOME, K\u0131rm\u0131z\u0131 Yol Uygulamas\u0131n\u0131 sona erdirdi<br \/>\n<br \/>Manisa B\u00fcy\u00fck\u015fehir Belediyesi\u2019nin anketinin sonu\u00e7lanmas\u0131yla birlikte UKOME (Ula\u015f\u0131m Koordinasyon Merkezi) yapt\u0131\u011f\u0131 genel kurul sonras\u0131nda al\u0131nan kararla K\u0131rm\u0131z\u0131 Yol uygulamas\u0131 sonland\u0131r\u0131ld\u0131. K\u0131rm\u0131z\u0131 Yol, 2019 y\u0131l\u0131 Ocak ay\u0131nda faaliyete ge\u00e7mi\u015f ve 5 y\u0131l boyunca sadece toplu ta\u015f\u0131ma ara\u00e7lar\u0131 taraf\u0131ndan kullan\u0131lm\u0131\u015ft\u0131. Uygulaman\u0131n sona ermesiyle birlikte K\u0131rm\u0131z\u0131 Yol olarak bilinen tercihli yol, ye\u015fil renge boyanarak 27 Ocak Pazartesi g\u00fcn\u00fcnden itibaren ara\u00e7 trafi\u011fine a\u00e7\u0131lacak.<br \/>\n<br \/>Manisa B\u00fcy\u00fck\u015fehir Belediye Ba\u015fkan\u0131 Ferdi Zeyrek, uygulaman\u0131n sona ermesiyle birlikte \u00e7al\u0131\u015fmalara ba\u015flan\u0131ld\u0131\u011f\u0131n\u0131 belirterek, \u201cBenimsedi\u011fimiz kat\u0131l\u0131mc\u0131 y\u00f6netim anlay\u0131\u015f\u0131 ile karar\u0131 vatanda\u015flar\u0131m\u0131za sorduk. Onlar da karar\u0131n\u0131 verdi. Kullan\u0131lan oylarda y\u00fczde 86\u2019l\u0131k b\u00f6l\u00fcm, uygulaman\u0131n kald\u0131r\u0131lmas\u0131ndan yana oldu. Vatanda\u015flar\u0131m\u0131z\u0131n verdi\u011fi karara sayg\u0131 duyuyoruz. UKOME\u2019de yap\u0131lan genel kurulda, uygulaman\u0131n kald\u0131r\u0131lmas\u0131 y\u00f6n\u00fcnde karar al\u0131nd\u0131.  Bu y\u00f6ndeki \u00e7al\u0131\u015fmalar\u0131m\u0131z da ba\u015flam\u0131\u015f oldu. K\u0131rm\u0131z\u0131 Yol olarak bilinen ve sadece toplu ula\u015f\u0131m ara\u00e7lar\u0131n\u0131n kulland\u0131\u011f\u0131 yol, ye\u015fil renge boyanarak 27 Ocak g\u00fcn\u00fcnden itibaren ara\u00e7 trafi\u011fine a\u00e7\u0131l\u0131yor\u201d dedi.<br \/>\n<br \/>Yeni uygulama ile \u0130brahim G\u00f6k\u00e7en Bulvar\u0131, \u0130zmir Caddesi ve 8 Eyl\u00fcl Caddesi \u00fczerinde, servis ara\u00e7lar\u0131 ve y\u00fck ta\u015f\u0131mas\u0131 yapan ara\u00e7lar hari\u00e7 olmak \u00fczere \u00e7ift y\u00f6nl\u00fc olarak toplu ta\u015f\u0131ma ara\u00e7lar\u0131na ve sivil ara\u00e7 trafi\u011fine a\u00e7\u0131lacak. 8 Eyl\u00fcl Caddesi, Ulupark, \u0130brahim G\u00f6k\u00e7en Bulvar\u0131, \u0130zmir Caddesi ve Moris \u015einasi Kav\u015fa\u011f\u0131 aras\u0131nda toplu ta\u015f\u0131ma ara\u00e7lar\u0131 ve sivil ara\u00e7lar i\u00e7in tek \u015ferit geli\u015f olarak d\u00fczenlendi. Yol \u00fczerine trafi\u011fin ak\u0131\u015f y\u00f6n\u00fcn\u00fc g\u00f6steren oklar \u00e7izilerek y\u00f6nler de belirtilecek. Vatanda\u015flar, trafikte oklar\u0131n belirtti\u011fi y\u00f6ne uygun olarak hareket ederek trafikte seyredecek. Toplu ta\u015f\u0131ma ara\u00e7lar\u0131 da bu yolu kullanmaya devam edecek.<br \/>\n<br \/>Ayr\u0131ca, 3 bin 700 metrelik g\u00fczergah \u00fczerindeki durak say\u0131s\u0131 13\u2019ten 10\u2019a d\u00fc\u015f\u00fcr\u00fclerek ula\u015f\u0131m\u0131n h\u0131zland\u0131r\u0131lmas\u0131 da ama\u00e7land\u0131. Toplu ta\u015f\u0131ma ara\u00e7lar\u0131n\u0131n trafi\u011fi t\u0131kamamas\u0131 i\u00e7in \u00f6zel cepler yap\u0131ld\u0131. Bu sayede ara\u00e7lar, yolcu indirme-bindirme i\u015flemlerini ceplere yana\u015farak ger\u00e7ekle\u015ftirecek.<br \/>\n<br \/>Manisa B\u00fcy\u00fck\u015fehir Belediyesi Ula\u015f\u0131m Dairesi Ba\u015fkan\u0131 H\u00fcseyin \u00dcst\u00fcn de yolun ara\u00e7 trafi\u011fine a\u00e7\u0131lmas\u0131 i\u00e7in boyama i\u015flemlerinin tamamland\u0131\u011f\u0131n\u0131 s\u00f6yledi. Yoldaki trafik ak\u0131\u015f\u0131n\u0131n sa\u011fl\u0131kl\u0131 ve h\u0131zl\u0131 bir \u015fekilde olmas\u0131 i\u00e7in de Manisa \u0130l Emniyet M\u00fcd\u00fcrl\u00fc\u011f\u00fc ile ortak \u00e7al\u0131\u015fma yaparak \u00e7ift s\u0131ra park ve parklanmalar\u0131nn engellenmesi i\u00e7in \u00f6nlemler al\u0131nacak. Ara\u00e7 s\u00fcr\u00fcc\u00fclerini de uyaran Ba\u015fkan \u00dcst\u00fcn, Kent G\u00fcvenlik Sistemi (KGS) \u00fczerinden yap\u0131lan denetimlerle, trafik kurallar\u0131na uymayan s\u00fcr\u00fcc\u00fclere cezai i\u015flem uygulanaca\u011f\u0131n\u0131 s\u00f6yledi.<br \/><\/p>\n","protected":false},"excerpt":{"rendered":"<p>Manisa B\u00fcy\u00fck\u015fehir Belediyesi\u2019nin internet sitesinde yap\u0131lan anket sonucu, kat\u0131l\u0131mc\u0131lar\u0131n y\u00fczde 86\u2019s\u0131n\u0131n kald\u0131r\u0131lmas\u0131 y\u00f6n\u00fcndeki oyuyla K\u0131rm\u0131z\u0131 Yol uygulamas\u0131 sona erdi. K\u0131rm\u0131z\u0131 Yol\u2019un, ye\u015fil renge boyanarak ara\u00e7 trafi\u011fine a\u00e7\u0131lmas\u0131na karar verildi. Kararla birlikte, Ye\u015fil Yol, 27 Ocak Pazartesi g\u00fcn\u00fcnden itibaren, toplu ula\u015f\u0131m ara\u00e7lar\u0131 ve \u00f6zel ara\u00e7lar birlikte kullanabilecek. Manisa B\u00fcy\u00fck\u015fehir Belediyesi, kenti kat\u0131l\u0131mc\u0131 y\u00f6netim anlay\u0131\u015f\u0131 ile y\u00f6netmeye&#8230;<\/p>\n","protected":false},"author":1,"featured_media":11557,"comment_status":"open","ping_status":"open","sticky":false,"template":"","format":"standard","meta":{"_crdt_document":"","footnotes":""},"categories":[1],"tags":[],"class_list":["post-11556","post","type-post","status-publish","format-standard","has-post-thumbnail","hentry","category-guncel"],"_links":{"self":[{"href":"https:\/\/www.egemtv.com\/index.php?rest_route=\/wp\/v2\/posts\/11556","targetHints":{"allow":["GET"]}}],"collection":[{"href":"https:\/\/www.egemtv.com\/index.php?rest_route=\/wp\/v2\/posts"}],"about":[{"href":"https:\/\/www.egemtv.com\/index.php?rest_route=\/wp\/v2\/types\/post"}],"author":[{"embeddable":true,"href":"https:\/\/www.egemtv.com\/index.php?rest_route=\/wp\/v2\/users\/1"}],"replies":[{"embeddable":true,"href":"https:\/\/www.egemtv.com\/index.php?rest_route=%2Fwp%2Fv2%2Fcomments&post=11556"}],"version-history":[{"count":1,"href":"https:\/\/www.egemtv.com\/index.php?rest_route=\/wp\/v2\/posts\/11556\/revisions"}],"predecessor-version":[{"id":11558,"href":"https:\/\/www.egemtv.com\/index.php?rest_route=\/wp\/v2\/posts\/11556\/revisions\/11558"}],"wp:featuredmedia":[{"embeddable":true,"href":"https:\/\/www.egemtv.com\/index.php?rest_route=\/wp\/v2\/media\/11557"}],"wp:attachment":[{"href":"https:\/\/www.egemtv.com\/index.php?rest_route=%2Fwp%2Fv2%2Fmedia&parent=11556"}],"wp:term":[{"taxonomy":"category","embeddable":true,"href":"https:\/\/www.egemtv.com\/index.php?rest_route=%2Fwp%2Fv2%2Fcategories&post=11556"},{"taxonomy":"post_tag","embeddable":true,"href":"https:\/\/www.egemtv.com\/index.php?rest_route=%2Fwp%2Fv2%2Ftags&post=11556"}],"curies":[{"name":"wp","href":"https:\/\/api.w.org\/{rel}","templated":true}]}}