{"id":11550,"date":"2025-01-22T22:16:06","date_gmt":"2025-01-22T19:16:06","guid":{"rendered":"https:\/\/www.egemtv.com\/?p=11550"},"modified":"2025-01-22T22:16:08","modified_gmt":"2025-01-22T19:16:08","slug":"otomobillerin-kafa-kafaya-carpistigi-kazada-8-kisi-yaralandi","status":"publish","type":"post","link":"https:\/\/www.egemtv.com\/?p=11550","title":{"rendered":"Otomobillerin kafa kafaya \u00e7arp\u0131\u015ft\u0131\u011f\u0131 kazada 8 ki\u015fi yaraland\u0131"},"content":{"rendered":"<p>Afyonkarahisar\u2019da iki otomobilin kafa kafaya \u00e7arp\u0131\u015fmas\u0131 sonucu meydana gelen trafik kazas\u0131nda biri \u00e7ocuk 8 ki\u015fi yaraland\u0131.<br \/>\n<br \/>Kaza, \u0130hsaniye il\u00e7esi \u00dcclerkayas\u0131 k\u00f6y\u00fc yak\u0131nlar\u0131nda meydana geldi. Edinilen bilgilere g\u00f6re,<br \/>\n<br \/>M.A.T. (22) y\u00f6netimindeki 03 ADN 552 plakal\u0131 otomobil hen\u00fcz belirlenemeyen bir nedenden \u00f6t\u00fcr\u00fc kar\u015f\u0131 y\u00f6nden gelen\u0130.T. (33) idaresindeki 26 KY 349 plakal\u0131 otomobille \u00e7arp\u0131\u015ft\u0131. Kazada, her iki ara\u00e7 s\u00fcr\u00fcc\u00fcs\u00fcyle birlikte M.M.A. (20), A.T.T. (20), \u0130.C.T. (21),  B.S. (29), F.S. (8) ve A.S. (35) yaraland\u0131. Yaral\u0131lar kaza sonras\u0131 \u00e7evredekilerin haber vermesiyle b\u00f6lgeye gelen sa\u011fl\u0131k ekipleri taraf\u0131ndan ambulanslarla hastanelere kald\u0131r\u0131ld\u0131.<br \/>\n<br \/>Kazan\u0131n ard\u0131ndan Jandarma taraf\u0131ndan inceleme ba\u015flat\u0131ld\u0131.<br \/><\/p>\n","protected":false},"excerpt":{"rendered":"<p>Afyonkarahisar\u2019da iki otomobilin kafa kafaya \u00e7arp\u0131\u015fmas\u0131 sonucu meydana gelen trafik kazas\u0131nda biri \u00e7ocuk 8 ki\u015fi yaraland\u0131. Kaza, \u0130hsaniye il\u00e7esi \u00dcclerkayas\u0131 k\u00f6y\u00fc yak\u0131nlar\u0131nda meydana geldi. Edinilen bilgilere g\u00f6re, M.A.T. (22) y\u00f6netimindeki 03 ADN 552 plakal\u0131 otomobil hen\u00fcz belirlenemeyen bir nedenden \u00f6t\u00fcr\u00fc kar\u015f\u0131 y\u00f6nden gelen\u0130.T. (33) idaresindeki 26 KY 349 plakal\u0131 otomobille \u00e7arp\u0131\u015ft\u0131. Kazada, her iki ara\u00e7&#8230;<\/p>\n","protected":false},"author":1,"featured_media":11551,"comment_status":"open","ping_status":"open","sticky":false,"template":"","format":"standard","meta":{"_crdt_document":"","footnotes":""},"categories":[5],"tags":[],"class_list":["post-11550","post","type-post","status-publish","format-standard","has-post-thumbnail","hentry","category-asayis"],"_links":{"self":[{"href":"https:\/\/www.egemtv.com\/index.php?rest_route=\/wp\/v2\/posts\/11550","targetHints":{"allow":["GET"]}}],"collection":[{"href":"https:\/\/www.egemtv.com\/index.php?rest_route=\/wp\/v2\/posts"}],"about":[{"href":"https:\/\/www.egemtv.com\/index.php?rest_route=\/wp\/v2\/types\/post"}],"author":[{"embeddable":true,"href":"https:\/\/www.egemtv.com\/index.php?rest_route=\/wp\/v2\/users\/1"}],"replies":[{"embeddable":true,"href":"https:\/\/www.egemtv.com\/index.php?rest_route=%2Fwp%2Fv2%2Fcomments&post=11550"}],"version-history":[{"count":1,"href":"https:\/\/www.egemtv.com\/index.php?rest_route=\/wp\/v2\/posts\/11550\/revisions"}],"predecessor-version":[{"id":11552,"href":"https:\/\/www.egemtv.com\/index.php?rest_route=\/wp\/v2\/posts\/11550\/revisions\/11552"}],"wp:featuredmedia":[{"embeddable":true,"href":"https:\/\/www.egemtv.com\/index.php?rest_route=\/wp\/v2\/media\/11551"}],"wp:attachment":[{"href":"https:\/\/www.egemtv.com\/index.php?rest_route=%2Fwp%2Fv2%2Fmedia&parent=11550"}],"wp:term":[{"taxonomy":"category","embeddable":true,"href":"https:\/\/www.egemtv.com\/index.php?rest_route=%2Fwp%2Fv2%2Fcategories&post=11550"},{"taxonomy":"post_tag","embeddable":true,"href":"https:\/\/www.egemtv.com\/index.php?rest_route=%2Fwp%2Fv2%2Ftags&post=11550"}],"curies":[{"name":"wp","href":"https:\/\/api.w.org\/{rel}","templated":true}]}}