{"id":11547,"date":"2025-01-22T22:07:17","date_gmt":"2025-01-22T19:07:17","guid":{"rendered":"https:\/\/www.egemtv.com\/?p=11547"},"modified":"2025-01-22T22:07:19","modified_gmt":"2025-01-22T19:07:19","slug":"baskan-aras-kent-vergisi-merkezi-butceye-yuk-getirmez","status":"publish","type":"post","link":"https:\/\/www.egemtv.com\/?p=11547","title":{"rendered":"Ba\u015fkan Aras: &#8220;Kent Vergisi merkezi b\u00fct\u00e7eye y\u00fck getirmez&#8221;"},"content":{"rendered":"<p>K\u0131y\u0131 Ege Belediyeler Birli\u011fi Enc\u00fcmen Toplant\u0131s\u0131 K\u0131y\u0131 Ege Belediyeler Birli\u011fi ve Mu\u011fla B\u00fcy\u00fck\u015fehir Belediye Ba\u015fkan\u0131 Ahmet Aras Ba\u015fkanl\u0131\u011f\u0131nda Mu\u011fla\u2019da yap\u0131ld\u0131. Toplant\u0131 sonras\u0131 a\u00e7\u0131klama yapan Ba\u015fkan Aras, Bolu Kartalkaya\u2019da ya\u015fanan yang\u0131n ba\u015fta olmak \u00fczere, yerel y\u00f6netimlerin ya\u015fad\u0131klar\u0131 yerel ve genel sorunlar hakk\u0131nda a\u00e7\u0131klama yapt\u0131.<br \/>\n<br \/>K\u0131y\u0131 Ege Belediyeler Birli\u011fi ve Mu\u011fla B\u00fcy\u00fck\u015fehir Belediye Ba\u015fkan\u0131 Ahmet Aras, toplant\u0131 sonunda yapt\u0131\u011f\u0131 a\u00e7\u0131klamada, Bolu Kartalkaya\u2019da ya\u015fanan yang\u0131nda \u00f6len vatanda\u015flara Allah\u2019tan rahmet, yaral\u0131lara acil \u015fifalar, ac\u0131l\u0131 ailelere de ba\u015fsa\u011fl\u0131\u011f\u0131 dile\u011finden bulundu. Ba\u015fkan Aras, \u201cBiz bug\u00fcn burada K\u0131y\u0131 Ege Belediye Birli\u011fi enc\u00fcmeni olarak topland\u0131k. B\u00fct\u00fcn ba\u015fkanlar\u0131ma \u00e7ok te\u015fekk\u00fcr ederim. Ben bu dayan\u0131\u015fma i\u00e7in, bu i\u015fbirli\u011fi i\u00e7in, b\u00fct\u00fcn ba\u015fkanlar\u0131ma ve K\u0131y\u0131 Ege Belediler Birli\u011finin hem genel sekreterine, hem de de\u011ferli dan\u0131\u015fman\u0131na \u00e7ok \u00e7ok te\u015fekk\u00fcr ederim. Bolu Kartalkaya Kayak Merkezi\u2019nde meydana gelen yang\u0131nda hayat\u0131n\u0131 kaybeden 76 vatanda\u015f\u0131m\u0131za Allah\u2019tan rahmet, ailelerine ve sevdiklerine sab\u0131r, 51 yaral\u0131 vatanda\u015f\u0131m\u0131za da acil \u015fifalar diliyorum. Bu e\u011filim olay\u0131 hepimizin y\u00fcre\u011fini yakm\u0131\u015ft\u0131r. Allah in\u015fallah bir daha b\u00f6yle felaketler g\u00f6stermez. Bunun i\u00e7in yerel y\u00f6netimlere de ve merkez h\u00fck\u00fcmete de baz\u0131 g\u00f6revler d\u00fc\u015f\u00fcyor. Bu hepimizin sorumlulu\u011fu. Burada herhangi bir siyasi g\u00f6r\u00fc\u015f fark\u0131 \u00f6nemli de\u011fil. Yerel y\u00f6netimler ve merkez h\u00fck\u00fcmet bir b\u00fct\u00fcnd\u00fcr\u201d dedi.<\/p>\n<p>\u201cSiyasilerin \u00e7eki\u015fmelerden uzakla\u015farak halk\u0131n g\u00fcndemine odaklanmas\u0131 gerekir\u201d<br \/>\n<br \/>T\u00fcrkiye\u2019de g\u00fcndemin siyasi de\u011fil, halk\u0131n ge\u00e7im s\u0131k\u0131nt\u0131s\u0131 olmas\u0131 gerekti\u011fini ifade K\u0131y\u0131 Ege Belediyeler Birli\u011fi Ba\u015fkan\u0131 Aras, \u201cYap\u0131lan kamuoyu ara\u015ft\u0131rmalar\u0131na g\u00f6re halk\u0131n y\u00fczde 79\u2019u \u00fclkede adaletin olmad\u0131\u011f\u0131n\u0131 d\u00fc\u015f\u00fcn\u00fcyor. Bu konu \u00e7ok \u00f6nemli bir konu. Devletin temeli adalettir. Ve halk\u0131n y\u00fczde 85\u2019i \u015fu anda \u00fclkenin en \u00f6nemli sorunun da ekonomi oldu\u011funu d\u00fc\u015f\u00fcn\u00fcyor. Burada vatanda\u015flar\u0131m\u0131z\u0131n al\u0131m g\u00fcc\u00fc enflasyon kar\u015f\u0131s\u0131nda de\u011fer kaybediyor. Tabii ki halk bu sorunlara \u00e7\u00f6z\u00fcm ararken, \u00f6zellikle siyasilerin \u00e7eki\u015fmelerden uzakla\u015f\u0131p halk\u0131n g\u00fcndemine odaklanmas\u0131 gerekti\u011fini d\u00fc\u015f\u00fcn\u00fcyor. Halk\u0131n g\u00fcndemi siyasi \u00e7eki\u015fmeler de\u011fil, ge\u00e7imdir. Yerel y\u00f6netimlerin de gelirleri giderleri kar\u015f\u0131lam\u0131yor. \u00c7\u00fcnk\u00fc belediyeler halk\u0131n birinci seviyede ihtiya\u00e7lar\u0131n\u0131 kar\u015f\u0131layan kamunun ayr\u0131lmaz par\u00e7alar\u0131d\u0131r. Belediyeleri muhalefet, iktidar belediyesi diye ay\u0131rmazs\u0131n\u0131z. Belediyeler \u00e7\u00fcnk\u00fc kendi hizmet etti\u011fi alanda, b\u00f6lgede hi\u00e7bir vatanda\u015f\u0131m\u0131z\u0131 bize oy verdi oy verme diye ay\u0131rm\u0131yor, ay\u0131ram\u0131yor, ay\u0131ramaz da zaten. Do\u011fru da olmaz ama biz ayn\u0131 tutum ve davran\u0131\u015f\u0131 bizim sergiledi\u011fimiz tutum ve davran\u0131\u015f\u0131 da yine \u00f6zellikle iktidardan da bekliyoruz. Belediyelerin son d\u00f6nemde yapt\u0131\u011f\u0131 \u00e7al\u0131\u015fmalar kre\u015flerden huzurevlerine, engelli merkezlerinden, sosyal projelere kadar emeklilerden \u00f6\u011frencilere, yeni evlenenlere veya yeni \u00e7ocuk sahibi olanlara kadar her kesime hizmet etti\u011fini g\u00f6r\u00fcyorsunuz belediyelerin. Art\u0131k g\u00f6revleri iyice geni\u015fledi. Tar\u0131msal desteklere kadar her t\u00fcrl\u00fc alanda faaliyet g\u00f6steriyoruz\u201d dedi.<\/p>\n<p>\u201cMerkezi h\u00fck\u00fcmet, yerel temsilcileri ve m\u00fclki idare ile i\u015fbirli\u011fine a\u00e7\u0131\u011f\u0131z\u201d<br \/>\n<br \/>Mu\u011fla B\u00fcy\u00fck\u015fehir Belediyesinin yabanc\u0131 bir kalk\u0131nma ajans\u0131ndan 62 bu\u00e7uk milyon lira su kay\u0131p-ka\u00e7aklar\u0131n\u0131n \u00f6nlenmesine y\u00f6nelik kredinin haz\u0131r oldu\u011funu, bunun Cumhurba\u015fkanl\u0131\u011f\u0131 Strateji ve B\u00fct\u00e7e Ba\u015fkanl\u0131\u011f\u0131nda onay bekledi\u011fini belirten Aras, \u201cYakla\u015f\u0131k 2 y\u0131ld\u0131r yabanc\u0131 bir kalk\u0131nma ajans\u0131ndan 62,5 milyon Euro kredi bulmu\u015fuz. S\u0131rf Mu\u011fla\u2019m\u0131zdaki kay\u0131p-ka\u00e7ak, yani sudaki kay\u0131p ve ka\u00e7a\u011f\u0131 engellemek i\u00e7in bu krediyi kullanaca\u011f\u0131z. Finansal tablolar\u0131m\u0131z her \u015feyimizi yerli yerinde bu krediyi kullanabilecek durumday\u0131z incelendi. Ama maalesef o kadar giri\u015fim yapmam\u0131za ra\u011fmen yine Cumhurba\u015fkanl\u0131\u011f\u0131 Strateji ve B\u00fct\u00e7e Ba\u015fkanl\u0131\u011f\u0131m\u0131z 2025 program\u0131na bunu almad\u0131. Bizler i\u015fbirli\u011fine a\u00e7\u0131\u011f\u0131z. Merkezi h\u00fck\u00fcmetimiz ve merkezi h\u00fck\u00fcmetin ta\u015fra temsilcileri ile m\u00fclki idare ile de i\u015fbirli\u011fine a\u00e7\u0131\u011f\u0131z. Bizim b\u00fct\u00fcn belediyelerimiz belediyelerimizden istenen b\u00fct\u00fcn deste\u011fi ve yard\u0131m\u0131 da yap\u0131yorlar. B\u00f6lgemiz turizm b\u00f6lgesi. Zaten bizim b\u00f6lgelerimizdeki turizm tesislerinin bir\u00e7o\u011funun vergi merkezlerinin de kendi b\u00f6lgelerimizde olmamas\u0131 ve daha \u00e7ok metropolde yani \u0130stanbul\u2019da veya Ankara gibi b\u00fcy\u00fck kentlerde olmas\u0131. Bu durumda da burada olu\u015fturulan katmer de\u011fer \u0130stanbul sanki gibi \u0130stanbul\u2019a mal ediliyor. Belediyeye gelecek olan vergi gelirlerinden gelecek olan paylar oraya gidiyor. Yani biz burada hizmet veriyoruz, para harc\u0131yoruz. O gelen turistlerimizin sonu\u00e7ta ihtiya\u00e7lar\u0131n\u0131 veya kente b\u0131rakt\u0131klar\u0131 \u00f6zellikle y\u00fck\u00fc biz \u00e7ekiyoruz. Ama krizim gelirleri \u0130stanbul\u2019un veya b\u00fcy\u00fck kentlerin vergisine say\u0131l\u0131yor. Ayr\u0131ca bir de kent vergisini tekrar hat\u0131rlatmak isterim&#8221; dedi.<\/p>\n<p>\u201cKent Vergisi merkezi b\u00fct\u00e7eye y\u00fck getirmez\u201d<br \/>\n<br \/>Kent vergisi ile ilgili a\u00e7\u0131klama yapan Aras, Mu\u011fla\u2019ya gelen turistlerin kalacaklar\u0131 oran\u0131nda al\u0131nacak verginin yerel y\u00f6netimleri rahatlataca\u011f\u0131n\u0131 belirterek, \u201cKent vergisi hi\u00e7bir \u015fekilde merkezi b\u00fct\u00e7eye y\u00fck getirmez. Kent vergisi, kente gelen turistler otelden \u00e7\u0131karken veya girerken kalacaklar\u0131 g\u00fcn say\u0131s\u0131na g\u00f6re bir oranla, \u00f6dedikleri paraya g\u00f6re bir oranla direkt yerel belediyeye b\u0131rak\u0131labilir. Ve yerel belediye i\u015fte o ekstra gelen n\u00fcfusun ona y\u00fckledi\u011fi y\u00fck\u00fc de b\u00f6ylece biraz olsun hafifletebilir. Bu konuda da \u00e7ok kolay al\u0131nabilecek kararlar bunlar. Ve hi\u00e7bir \u015fekilde yine bizim merkezi b\u00fct\u00e7emize de bir y\u00fck getirmeyecek kararlar\u201d dedi.<br \/><\/p>\n","protected":false},"excerpt":{"rendered":"<p>K\u0131y\u0131 Ege Belediyeler Birli\u011fi Enc\u00fcmen Toplant\u0131s\u0131 K\u0131y\u0131 Ege Belediyeler Birli\u011fi ve Mu\u011fla B\u00fcy\u00fck\u015fehir Belediye Ba\u015fkan\u0131 Ahmet Aras Ba\u015fkanl\u0131\u011f\u0131nda Mu\u011fla\u2019da yap\u0131ld\u0131. Toplant\u0131 sonras\u0131 a\u00e7\u0131klama yapan Ba\u015fkan Aras, Bolu Kartalkaya\u2019da ya\u015fanan yang\u0131n ba\u015fta olmak \u00fczere, yerel y\u00f6netimlerin ya\u015fad\u0131klar\u0131 yerel ve genel sorunlar hakk\u0131nda a\u00e7\u0131klama yapt\u0131. K\u0131y\u0131 Ege Belediyeler Birli\u011fi ve Mu\u011fla B\u00fcy\u00fck\u015fehir Belediye Ba\u015fkan\u0131 Ahmet Aras, toplant\u0131&#8230;<\/p>\n","protected":false},"author":1,"featured_media":11548,"comment_status":"open","ping_status":"open","sticky":false,"template":"","format":"standard","meta":{"_crdt_document":"","footnotes":""},"categories":[127],"tags":[],"class_list":["post-11547","post","type-post","status-publish","format-standard","has-post-thumbnail","hentry","category-siyaset"],"_links":{"self":[{"href":"https:\/\/www.egemtv.com\/index.php?rest_route=\/wp\/v2\/posts\/11547","targetHints":{"allow":["GET"]}}],"collection":[{"href":"https:\/\/www.egemtv.com\/index.php?rest_route=\/wp\/v2\/posts"}],"about":[{"href":"https:\/\/www.egemtv.com\/index.php?rest_route=\/wp\/v2\/types\/post"}],"author":[{"embeddable":true,"href":"https:\/\/www.egemtv.com\/index.php?rest_route=\/wp\/v2\/users\/1"}],"replies":[{"embeddable":true,"href":"https:\/\/www.egemtv.com\/index.php?rest_route=%2Fwp%2Fv2%2Fcomments&post=11547"}],"version-history":[{"count":1,"href":"https:\/\/www.egemtv.com\/index.php?rest_route=\/wp\/v2\/posts\/11547\/revisions"}],"predecessor-version":[{"id":11549,"href":"https:\/\/www.egemtv.com\/index.php?rest_route=\/wp\/v2\/posts\/11547\/revisions\/11549"}],"wp:featuredmedia":[{"embeddable":true,"href":"https:\/\/www.egemtv.com\/index.php?rest_route=\/wp\/v2\/media\/11548"}],"wp:attachment":[{"href":"https:\/\/www.egemtv.com\/index.php?rest_route=%2Fwp%2Fv2%2Fmedia&parent=11547"}],"wp:term":[{"taxonomy":"category","embeddable":true,"href":"https:\/\/www.egemtv.com\/index.php?rest_route=%2Fwp%2Fv2%2Fcategories&post=11547"},{"taxonomy":"post_tag","embeddable":true,"href":"https:\/\/www.egemtv.com\/index.php?rest_route=%2Fwp%2Fv2%2Ftags&post=11547"}],"curies":[{"name":"wp","href":"https:\/\/api.w.org\/{rel}","templated":true}]}}